{"id":4679,"date":"2020-05-20T14:07:47","date_gmt":"2020-05-20T17:07:47","guid":{"rendered":"http:\/\/oasisfm935.com\/site\/?p=4679"},"modified":"2020-05-20T14:09:22","modified_gmt":"2020-05-20T17:09:22","slug":"clima-de-tension-en-el-limite-de-la-pampa-con-viajantes-cordobeses","status":"publish","type":"post","link":"https:\/\/oasisfm935.com.ar\/site\/clima-de-tension-en-el-limite-de-la-pampa-con-viajantes-cordobeses\/","title":{"rendered":"Clima de tensi\u00f3n en el l\u00edmite de La Pampa con viajantes cordobeses"},"content":{"rendered":"<p><strong>Algunos llevan varados m\u00e1s de 48 horas<\/strong>. El impedimento principal es que no cuentan con el nuevo permiso que se exige para ingresar a territorio pampeano.<\/p>\n<p>El clima de tensi\u00f3n en el l\u00edmite de La Pampa con C\u00f3rdoba recrudece: uno de las principales quejas proviene de los viajantes cordobeces que ingresan mercader\u00eda de diferente tipo a esta provincia y llevan varados m\u00e1s de 48 horas.<\/p>\n<p>\u00abLa traba principal es que los viajantes a\u00fan no tienen el nuevo permiso provincial que tarda 48 horas para ser autorizado por funcionarios pampeanos\u00bb, destac\u00f3 una nota del sitio digial Cabledigital.<\/p>\n<p>David Gatica, viajante de Huinca Renanc\u00f3, que pretend\u00eda llegar a Parera, fue uno de los que expres\u00f3 su malestar por la situaci\u00f3n: \u00abte pone muy mal, nosotros estamos a 25 kil\u00f3metros y no tenemos tanto gasto, pero hab\u00eda colegas de Arias, R\u00edo Cuarto, que ven\u00edan cargados y se enteraron ah\u00ed que ten\u00edan que tramitar este permiso provincial, imag\u00ednate\u00bb, cont\u00f3.<\/p>\n<p><img decoding=\"async\" src=\"https:\/\/www.eldiariodelapampa.com.ar\/images\/viajantes1.jpg\" alt=\"viajantes1\" \/><\/p>\n<p>Gatica dijo que cuenta con el permiso nacional y tambi\u00e9n gestion\u00f3 el provincial pero todav\u00eda no le fue autorizado. \u00abYo hace un d\u00eda lo tramite y fui con la constancia de tramite, pero ni as\u00ed te dejan pasar. Tiene que estar autorizado\u00bb, explic\u00f3 este mi\u00e9rcoles al portal huinquense.<\/p>\n<p>\u00abLa \u00fanica forma es dejar la mercader\u00eda en el l\u00edmite y que el comerciante la venga a buscar ac\u00e1\u00bb, se\u00f1al\u00f3.<\/p>\n<p>\u00abEl tema es que lo mismo pasa para quienes vengan por salud, tambi\u00e9n deben tramitar este permiso\u00bb, advirti\u00f3<\/p>\n<div class=\"oasis-despues-del-contenido\" id=\"oasis-3794381251\"><img loading=\"lazy\" decoding=\"async\" src=\"https:\/\/oasisfm935.com.ar\/site\/wp-content\/uploads\/2020\/08\/47806202-8741-49f2-a5c9-d2f930e5baa1.jpg\" alt=\"\"  srcset=\"https:\/\/oasisfm935.com.ar\/site\/wp-content\/uploads\/2020\/08\/47806202-8741-49f2-a5c9-d2f930e5baa1.jpg 1080w, https:\/\/oasisfm935.com.ar\/site\/wp-content\/uploads\/2020\/08\/47806202-8741-49f2-a5c9-d2f930e5baa1-300x300.jpg 300w, https:\/\/oasisfm935.com.ar\/site\/wp-content\/uploads\/2020\/08\/47806202-8741-49f2-a5c9-d2f930e5baa1-1024x1024.jpg 1024w, https:\/\/oasisfm935.com.ar\/site\/wp-content\/uploads\/2020\/08\/47806202-8741-49f2-a5c9-d2f930e5baa1-150x150.jpg 150w, https:\/\/oasisfm935.com.ar\/site\/wp-content\/uploads\/2020\/08\/47806202-8741-49f2-a5c9-d2f930e5baa1-768x768.jpg 768w\" sizes=\"(max-width: 1080px) 100vw, 1080px\" class=\"no-lazyload\" width=\"1080\" height=\"1080\"  style=\"display: inline-block;\" \/><\/div>","protected":false},"excerpt":{"rendered":"<p>Algunos llevan varados m\u00e1s de 48 horas. El impedimento principal es que no cuentan con el nuevo permiso que se exige para<\/p>\n","protected":false},"author":4,"featured_media":4682,"comment_status":"closed","ping_status":"open","sticky":false,"template":"","format":"standard","meta":{"colormag_page_layout":"default_layout","footnotes":""},"categories":[2],"tags":[],"class_list":["post-4679","post","type-post","status-publish","format-standard","has-post-thumbnail","hentry","category-noticias"],"_links":{"self":[{"href":"https:\/\/oasisfm935.com.ar\/site\/wp-json\/wp\/v2\/posts\/4679","targetHints":{"allow":["GET"]}}],"collection":[{"href":"https:\/\/oasisfm935.com.ar\/site\/wp-json\/wp\/v2\/posts"}],"about":[{"href":"https:\/\/oasisfm935.com.ar\/site\/wp-json\/wp\/v2\/types\/post"}],"author":[{"embeddable":true,"href":"https:\/\/oasisfm935.com.ar\/site\/wp-json\/wp\/v2\/users\/4"}],"replies":[{"embeddable":true,"href":"https:\/\/oasisfm935.com.ar\/site\/wp-json\/wp\/v2\/comments?post=4679"}],"version-history":[{"count":1,"href":"https:\/\/oasisfm935.com.ar\/site\/wp-json\/wp\/v2\/posts\/4679\/revisions"}],"predecessor-version":[{"id":4681,"href":"https:\/\/oasisfm935.com.ar\/site\/wp-json\/wp\/v2\/posts\/4679\/revisions\/4681"}],"wp:featuredmedia":[{"embeddable":true,"href":"https:\/\/oasisfm935.com.ar\/site\/wp-json\/wp\/v2\/media\/4682"}],"wp:attachment":[{"href":"https:\/\/oasisfm935.com.ar\/site\/wp-json\/wp\/v2\/media?parent=4679"}],"wp:term":[{"taxonomy":"category","embeddable":true,"href":"https:\/\/oasisfm935.com.ar\/site\/wp-json\/wp\/v2\/categories?post=4679"},{"taxonomy":"post_tag","embeddable":true,"href":"https:\/\/oasisfm935.com.ar\/site\/wp-json\/wp\/v2\/tags?post=4679"}],"curies":[{"name":"wp","href":"https:\/\/api.w.org\/{rel}","templated":true}]}}