{"id":4683,"date":"2020-05-20T15:25:24","date_gmt":"2020-05-20T18:25:24","guid":{"rendered":"http:\/\/oasisfm935.com\/site\/?p=4683"},"modified":"2020-05-20T15:29:14","modified_gmt":"2020-05-20T18:29:14","slug":"la-pampa-los-diputados-oscar-zanoli-y-alicia-mayoral-propuesta-para-bajar-el-costo-en-fletes","status":"publish","type":"post","link":"https:\/\/oasisfm935.com.ar\/site\/la-pampa-los-diputados-oscar-zanoli-y-alicia-mayoral-propuesta-para-bajar-el-costo-en-fletes\/","title":{"rendered":"La Pampa: Los Diputados Oscar Zanoli y Alicia Mayoral Propuesta para bajar el costo en fletes"},"content":{"rendered":"<p><strong>Oscar Zanoli y Alicia Mayoral<\/strong>\u00a0presentaron un proyecto para que se permita circular en la provincia camiones tipo bitrenes. Apuntan a que se gaste menos en log\u00edstica.<\/p>\n<p>Alicia Mayoral y Oscar Zanoli, con el acompa\u00f1amiento del bloque oficialista del Frente Justicialista Pampeano, presentaron un proyecto sobre escalabilidad (capacidades de carga y dimensiones) de transporte de cargas y la circulaci\u00f3n de veh\u00edculos bitrenes.<\/p>\n<p>Las modificaciones propuestas tienen como objetivo la ampliaci\u00f3n en la capacidad de los veh\u00edculos de transporte interjurisdiccional de carga, y la optimizaci\u00f3n de las condiciones exigidas para su circulaci\u00f3n, redundando en una mejora en la productividad nacional y en los costos.<\/p>\n<p>Los B-dobles se conforman de una unidad tractora y dos equipos arrastrados biarticulados y \u00abson una herramienta necesaria para sanear el alto costo de flete en un pa\u00eds tan extenso como la Argentina, introduciendo beneficios y competitividad a productores agropecuarios e industriales alejados de las zonas demandantes de su producci\u00f3n\u00bb, proponen.<\/p>\n<p>\u00abCon la implementaci\u00f3n de la circulaci\u00f3n de bitrenes se permite reducir los costos log\u00edsticos de lo transportado, se reducen los costos de transporte, de combustible y de emisiones de di\u00f3xido de carbono, presentan menor riesgo de accidentes de tr\u00e1nsito, generan menos desgaste de las rutas y menor congesti\u00f3n vehicular\u00bb, a\u00f1adieron Mayoral y Zanoli.<\/p>\n<p>Consideran \u00abnecesario\u00bb incorporar la circulaci\u00f3n de camiones tipo bitrenes dentro del territorio provincial, ya que \u00abpermitir\u00e1 disponer de las rutas pampeanas como herramienta de ampliaci\u00f3n de la capacidad de transporte de carga y, por otro lado, potenciar la integraci\u00f3n regional\u201d, concluyeron en la presentaci\u00f3n de la iniciativa.<\/p>\n<p>Diario de la Pampa<\/p>\n<div class=\"oasis-despues-del-contenido\" id=\"oasis-3451282159\"><img loading=\"lazy\" decoding=\"async\" src=\"https:\/\/oasisfm935.com.ar\/site\/wp-content\/uploads\/2020\/08\/47806202-8741-49f2-a5c9-d2f930e5baa1.jpg\" alt=\"\"  srcset=\"https:\/\/oasisfm935.com.ar\/site\/wp-content\/uploads\/2020\/08\/47806202-8741-49f2-a5c9-d2f930e5baa1.jpg 1080w, https:\/\/oasisfm935.com.ar\/site\/wp-content\/uploads\/2020\/08\/47806202-8741-49f2-a5c9-d2f930e5baa1-300x300.jpg 300w, https:\/\/oasisfm935.com.ar\/site\/wp-content\/uploads\/2020\/08\/47806202-8741-49f2-a5c9-d2f930e5baa1-1024x1024.jpg 1024w, https:\/\/oasisfm935.com.ar\/site\/wp-content\/uploads\/2020\/08\/47806202-8741-49f2-a5c9-d2f930e5baa1-150x150.jpg 150w, https:\/\/oasisfm935.com.ar\/site\/wp-content\/uploads\/2020\/08\/47806202-8741-49f2-a5c9-d2f930e5baa1-768x768.jpg 768w\" sizes=\"(max-width: 1080px) 100vw, 1080px\" class=\"no-lazyload\" width=\"1080\" height=\"1080\"  style=\"display: inline-block;\" \/><\/div>","protected":false},"excerpt":{"rendered":"<p>Oscar Zanoli y Alicia Mayoral\u00a0presentaron un proyecto para que se permita circular en la provincia camiones tipo bitrenes. Apuntan a que se<\/p>\n","protected":false},"author":4,"featured_media":4684,"comment_status":"closed","ping_status":"open","sticky":false,"template":"","format":"standard","meta":{"colormag_page_layout":"default_layout","footnotes":""},"categories":[2],"tags":[],"class_list":["post-4683","post","type-post","status-publish","format-standard","has-post-thumbnail","hentry","category-noticias"],"_links":{"self":[{"href":"https:\/\/oasisfm935.com.ar\/site\/wp-json\/wp\/v2\/posts\/4683","targetHints":{"allow":["GET"]}}],"collection":[{"href":"https:\/\/oasisfm935.com.ar\/site\/wp-json\/wp\/v2\/posts"}],"about":[{"href":"https:\/\/oasisfm935.com.ar\/site\/wp-json\/wp\/v2\/types\/post"}],"author":[{"embeddable":true,"href":"https:\/\/oasisfm935.com.ar\/site\/wp-json\/wp\/v2\/users\/4"}],"replies":[{"embeddable":true,"href":"https:\/\/oasisfm935.com.ar\/site\/wp-json\/wp\/v2\/comments?post=4683"}],"version-history":[{"count":3,"href":"https:\/\/oasisfm935.com.ar\/site\/wp-json\/wp\/v2\/posts\/4683\/revisions"}],"predecessor-version":[{"id":4687,"href":"https:\/\/oasisfm935.com.ar\/site\/wp-json\/wp\/v2\/posts\/4683\/revisions\/4687"}],"wp:featuredmedia":[{"embeddable":true,"href":"https:\/\/oasisfm935.com.ar\/site\/wp-json\/wp\/v2\/media\/4684"}],"wp:attachment":[{"href":"https:\/\/oasisfm935.com.ar\/site\/wp-json\/wp\/v2\/media?parent=4683"}],"wp:term":[{"taxonomy":"category","embeddable":true,"href":"https:\/\/oasisfm935.com.ar\/site\/wp-json\/wp\/v2\/categories?post=4683"},{"taxonomy":"post_tag","embeddable":true,"href":"https:\/\/oasisfm935.com.ar\/site\/wp-json\/wp\/v2\/tags?post=4683"}],"curies":[{"name":"wp","href":"https:\/\/api.w.org\/{rel}","templated":true}]}}