{"id":4689,"date":"2020-05-20T19:04:14","date_gmt":"2020-05-20T22:04:14","guid":{"rendered":"http:\/\/oasisfm935.com\/site\/?p=4689"},"modified":"2020-05-20T19:06:01","modified_gmt":"2020-05-20T22:06:01","slug":"covid-19-la-pampa-cumple-49-dias-sin-casos-positivos","status":"publish","type":"post","link":"https:\/\/oasisfm935.com.ar\/site\/covid-19-la-pampa-cumple-49-dias-sin-casos-positivos\/","title":{"rendered":"COVID-19: La Pampa cumple 49 d\u00edas sin casos positivos"},"content":{"rendered":"<div class=\"letracopetenota\"><strong>Se cumplieron 49 d\u00edas sin casos positivos de coronavirus COVID-19 y el Gobierno provincial contin\u00faa en etapa de contenci\u00f3n y prevenci\u00f3n.<\/strong><\/div>\n<div class=\"letranota text-justify padt15\">\n<p>La Direcci\u00f3n de Epidemiolog\u00eda del Ministerio de Salud de La Pampa dio cuenta del informe diario respecto al estado de situaci\u00f3n de la pandemia en el territorio, observando escasas variantes en las principales estad\u00edsticas.<\/p>\n<p>En la actualidad, la mencionada Direcci\u00f3n realiza el monitoreo de viajeros con indicaci\u00f3n de aislamiento estricto: se registraron 3.276 personas con antecedente de viaje, de las cuales 1.052 contin\u00faan siendo monitoreados.<\/p>\n<blockquote><p>La Provincia se mantiene en etapa de contenci\u00f3n, por lo que las autoridades contin\u00faan con las medidas intensivas para reducir la circulaci\u00f3n del virus y disminuir su transmisi\u00f3n.<\/p><\/blockquote>\n<p>A la fecha, La Pampa tiene 165 casos notificados de los cuales 160 se descartaron mediante laboratorio (resultado negativo para COVID-19), cinco fueron confirmados (cuatro en Santa Rosa y uno en General Pico) y recuperados.<\/p>\n<p>Como destacamos a diario, las muestras para diagn\u00f3stico de COVID-19 son procesadas por el Laboratorio Central de la Direcci\u00f3n de Epidemiolog\u00eda y el Laboratorio de Microbiolog\u00eda del Establecimiento Asistencial \u201cGobernador Centeno\u201d de General Pico, a trav\u00e9s de la t\u00e9cnica PCR en tiempo real.<\/p>\n<\/div>\n<div class=\"oasis-despues-del-contenido\" id=\"oasis-3205613963\"><img loading=\"lazy\" decoding=\"async\" src=\"https:\/\/oasisfm935.com.ar\/site\/wp-content\/uploads\/2020\/08\/47806202-8741-49f2-a5c9-d2f930e5baa1.jpg\" alt=\"\"  srcset=\"https:\/\/oasisfm935.com.ar\/site\/wp-content\/uploads\/2020\/08\/47806202-8741-49f2-a5c9-d2f930e5baa1.jpg 1080w, https:\/\/oasisfm935.com.ar\/site\/wp-content\/uploads\/2020\/08\/47806202-8741-49f2-a5c9-d2f930e5baa1-300x300.jpg 300w, https:\/\/oasisfm935.com.ar\/site\/wp-content\/uploads\/2020\/08\/47806202-8741-49f2-a5c9-d2f930e5baa1-1024x1024.jpg 1024w, https:\/\/oasisfm935.com.ar\/site\/wp-content\/uploads\/2020\/08\/47806202-8741-49f2-a5c9-d2f930e5baa1-150x150.jpg 150w, https:\/\/oasisfm935.com.ar\/site\/wp-content\/uploads\/2020\/08\/47806202-8741-49f2-a5c9-d2f930e5baa1-768x768.jpg 768w\" sizes=\"(max-width: 1080px) 100vw, 1080px\" class=\"no-lazyload\" width=\"1080\" height=\"1080\"  style=\"display: inline-block;\" \/><\/div>","protected":false},"excerpt":{"rendered":"<p>Se cumplieron 49 d\u00edas sin casos positivos de coronavirus COVID-19 y el Gobierno provincial contin\u00faa en etapa de contenci\u00f3n y prevenci\u00f3n. La<\/p>\n","protected":false},"author":4,"featured_media":4690,"comment_status":"closed","ping_status":"open","sticky":false,"template":"","format":"standard","meta":{"colormag_page_layout":"default_layout","footnotes":""},"categories":[2],"tags":[],"class_list":["post-4689","post","type-post","status-publish","format-standard","has-post-thumbnail","hentry","category-noticias"],"_links":{"self":[{"href":"https:\/\/oasisfm935.com.ar\/site\/wp-json\/wp\/v2\/posts\/4689","targetHints":{"allow":["GET"]}}],"collection":[{"href":"https:\/\/oasisfm935.com.ar\/site\/wp-json\/wp\/v2\/posts"}],"about":[{"href":"https:\/\/oasisfm935.com.ar\/site\/wp-json\/wp\/v2\/types\/post"}],"author":[{"embeddable":true,"href":"https:\/\/oasisfm935.com.ar\/site\/wp-json\/wp\/v2\/users\/4"}],"replies":[{"embeddable":true,"href":"https:\/\/oasisfm935.com.ar\/site\/wp-json\/wp\/v2\/comments?post=4689"}],"version-history":[{"count":1,"href":"https:\/\/oasisfm935.com.ar\/site\/wp-json\/wp\/v2\/posts\/4689\/revisions"}],"predecessor-version":[{"id":4691,"href":"https:\/\/oasisfm935.com.ar\/site\/wp-json\/wp\/v2\/posts\/4689\/revisions\/4691"}],"wp:featuredmedia":[{"embeddable":true,"href":"https:\/\/oasisfm935.com.ar\/site\/wp-json\/wp\/v2\/media\/4690"}],"wp:attachment":[{"href":"https:\/\/oasisfm935.com.ar\/site\/wp-json\/wp\/v2\/media?parent=4689"}],"wp:term":[{"taxonomy":"category","embeddable":true,"href":"https:\/\/oasisfm935.com.ar\/site\/wp-json\/wp\/v2\/categories?post=4689"},{"taxonomy":"post_tag","embeddable":true,"href":"https:\/\/oasisfm935.com.ar\/site\/wp-json\/wp\/v2\/tags?post=4689"}],"curies":[{"name":"wp","href":"https:\/\/api.w.org\/{rel}","templated":true}]}}