{"id":469,"date":"2019-01-24T13:45:08","date_gmt":"2019-01-24T16:45:08","guid":{"rendered":"http:\/\/oasisfm935.com\/site\/?p=469"},"modified":"2019-01-24T13:45:08","modified_gmt":"2019-01-24T16:45:08","slug":"asi-quedo-el-alteo-y-la-repavimentacion-de-la-ruta-188-en-rancul","status":"publish","type":"post","link":"https:\/\/oasisfm935.com.ar\/site\/asi-quedo-el-alteo-y-la-repavimentacion-de-la-ruta-188-en-rancul\/","title":{"rendered":"As\u00ed qued\u00f3 el alteo y la repavimentaci\u00f3n de la ruta 188 en Rancul"},"content":{"rendered":"<p>El Gobierno nacional difundi\u00f3 hoy que se \u201cinaugur\u00f3\u201d la repavimentaci\u00f3n y el alteo de la ruta nacional 188, frente a Rancul. El lugar estuvo intransitable desde mediados de 2017, a ra\u00edz de las fuertes lluvias que inundaron ese tramo de la ruta y otros sectores de la provincia.<\/p>\n<p><a href=\"http:\/\/oasisfm935.com\/site\/wp-content\/uploads\/2019\/01\/alteoruta188rancul2019-4.jpg\"><img loading=\"lazy\" decoding=\"async\" class=\"alignnone size-full wp-image-470\" src=\"http:\/\/oasisfm935.com\/site\/wp-content\/uploads\/2019\/01\/alteoruta188rancul2019-4.jpg\" alt=\"\" width=\"1000\" height=\"616\" srcset=\"https:\/\/oasisfm935.com.ar\/site\/wp-content\/uploads\/2019\/01\/alteoruta188rancul2019-4.jpg 1000w, https:\/\/oasisfm935.com.ar\/site\/wp-content\/uploads\/2019\/01\/alteoruta188rancul2019-4-300x185.jpg 300w, https:\/\/oasisfm935.com.ar\/site\/wp-content\/uploads\/2019\/01\/alteoruta188rancul2019-4-768x473.jpg 768w\" sizes=\"auto, (max-width: 1000px) 100vw, 1000px\" \/><\/a><\/p>\n<p>La circulaci\u00f3n de la RN 188 en el acceso a Rancul se hab\u00eda visto interrumpida a ra\u00edz de las intensas lluvias que azotaron la provincia en 2017. Ahora, se elev\u00f3 la traza del corredor mediante un alteo de 1,3 km de longitud, a trav\u00e9s de la construcci\u00f3n de un pedrapl\u00e9n para evitar futuras anegaciones.<\/p>\n<p>&nbsp;<\/p>\n<p>\u201cEsta obra forma parte de un proyecto mayor que consiste en la repavimentaci\u00f3n y mantenimiento de 129 kil\u00f3metros de la RN 188, desde Bagual (San Luis) hasta Quetrequen (La Pampa)\u201d, seg\u00fan se inform\u00f3 oficialmente.<\/p>\n<p>Finalizado el alteo, se ejecutaron obras para mejorar las condiciones de seguridad y calidad del corredor. Para ello, se repaviment\u00f3 totalmente el tramo y se ampli\u00f3 un metro m\u00e1s la banquina. Se construyeron tambi\u00e9n alcantarillas para el escurrimiento del agua, se instalaron nuevas defensas y se realizaron tareas de pintura.<\/p>\n<p>\u201cLa finalizaci\u00f3n de esta obra es de suma importancia ya que una poblaci\u00f3n qued\u00f3 aislada por completo debido a las grandes inundaciones que sufri\u00f3 La Pampa a principios de 2017. Vialidad Nacional estuvo a la altura de las circunstancias y atendi\u00f3 una situaci\u00f3n de emergencia construyendo un alteo en el lugar donde se inund\u00f3. Hoy es una obra m\u00e1s hecha realidad\u201d, dijo Patricia Guti\u00e9rrez, administradora general de Vialidad Nacional.<\/p>\n<p>Este tramo de la RN 188 vincula el sur de San Luis y el norte de La Pampa. Se trata de una v\u00eda de comunicaci\u00f3n relevante a nivel nacional dado que constituye una alternativa complementaria a la RN 7 para la inculaci\u00f3n comercial con Chile. Adem\u00e1s, une en forma directa toda la zona productiva del sur de la provincia de Mendoza y el norte de Neuqu\u00e9n con la regi\u00f3n centro-este del pa\u00eds.<\/p>\n<p>&nbsp;<\/p>\n<p>fuente :Diario Textual<\/p>\n<div class=\"oasis-despues-del-contenido\" id=\"oasis-3149325590\"><img loading=\"lazy\" decoding=\"async\" src=\"https:\/\/oasisfm935.com.ar\/site\/wp-content\/uploads\/2020\/08\/47806202-8741-49f2-a5c9-d2f930e5baa1.jpg\" alt=\"\"  srcset=\"https:\/\/oasisfm935.com.ar\/site\/wp-content\/uploads\/2020\/08\/47806202-8741-49f2-a5c9-d2f930e5baa1.jpg 1080w, https:\/\/oasisfm935.com.ar\/site\/wp-content\/uploads\/2020\/08\/47806202-8741-49f2-a5c9-d2f930e5baa1-300x300.jpg 300w, https:\/\/oasisfm935.com.ar\/site\/wp-content\/uploads\/2020\/08\/47806202-8741-49f2-a5c9-d2f930e5baa1-1024x1024.jpg 1024w, https:\/\/oasisfm935.com.ar\/site\/wp-content\/uploads\/2020\/08\/47806202-8741-49f2-a5c9-d2f930e5baa1-150x150.jpg 150w, https:\/\/oasisfm935.com.ar\/site\/wp-content\/uploads\/2020\/08\/47806202-8741-49f2-a5c9-d2f930e5baa1-768x768.jpg 768w\" sizes=\"(max-width: 1080px) 100vw, 1080px\" class=\"no-lazyload\" width=\"1080\" height=\"1080\"  style=\"display: inline-block;\" \/><\/div>","protected":false},"excerpt":{"rendered":"<p>El Gobierno nacional difundi\u00f3 hoy que se \u201cinaugur\u00f3\u201d la repavimentaci\u00f3n y el alteo de la ruta nacional 188, frente a Rancul. El<\/p>\n","protected":false},"author":4,"featured_media":471,"comment_status":"closed","ping_status":"open","sticky":false,"template":"","format":"standard","meta":{"colormag_page_layout":"default_layout","footnotes":""},"categories":[2],"tags":[],"class_list":["post-469","post","type-post","status-publish","format-standard","has-post-thumbnail","hentry","category-noticias"],"_links":{"self":[{"href":"https:\/\/oasisfm935.com.ar\/site\/wp-json\/wp\/v2\/posts\/469","targetHints":{"allow":["GET"]}}],"collection":[{"href":"https:\/\/oasisfm935.com.ar\/site\/wp-json\/wp\/v2\/posts"}],"about":[{"href":"https:\/\/oasisfm935.com.ar\/site\/wp-json\/wp\/v2\/types\/post"}],"author":[{"embeddable":true,"href":"https:\/\/oasisfm935.com.ar\/site\/wp-json\/wp\/v2\/users\/4"}],"replies":[{"embeddable":true,"href":"https:\/\/oasisfm935.com.ar\/site\/wp-json\/wp\/v2\/comments?post=469"}],"version-history":[{"count":1,"href":"https:\/\/oasisfm935.com.ar\/site\/wp-json\/wp\/v2\/posts\/469\/revisions"}],"predecessor-version":[{"id":472,"href":"https:\/\/oasisfm935.com.ar\/site\/wp-json\/wp\/v2\/posts\/469\/revisions\/472"}],"wp:featuredmedia":[{"embeddable":true,"href":"https:\/\/oasisfm935.com.ar\/site\/wp-json\/wp\/v2\/media\/471"}],"wp:attachment":[{"href":"https:\/\/oasisfm935.com.ar\/site\/wp-json\/wp\/v2\/media?parent=469"}],"wp:term":[{"taxonomy":"category","embeddable":true,"href":"https:\/\/oasisfm935.com.ar\/site\/wp-json\/wp\/v2\/categories?post=469"},{"taxonomy":"post_tag","embeddable":true,"href":"https:\/\/oasisfm935.com.ar\/site\/wp-json\/wp\/v2\/tags?post=469"}],"curies":[{"name":"wp","href":"https:\/\/api.w.org\/{rel}","templated":true}]}}