{"id":4692,"date":"2020-05-20T19:21:46","date_gmt":"2020-05-20T22:21:46","guid":{"rendered":"http:\/\/oasisfm935.com\/site\/?p=4692"},"modified":"2020-05-20T19:22:39","modified_gmt":"2020-05-20T22:22:39","slug":"ziliotto-y-el-ministro-trotta-analizaron-como-sera-el-regreso-escalonado-a-clases","status":"publish","type":"post","link":"https:\/\/oasisfm935.com.ar\/site\/ziliotto-y-el-ministro-trotta-analizaron-como-sera-el-regreso-escalonado-a-clases\/","title":{"rendered":"Ziliotto y el ministro Trotta analizaron c\u00f3mo ser\u00e1 el regreso escalonado a clases"},"content":{"rendered":"<p>No dieron fechas, pero se estima que reci\u00e9n en agosto podr\u00edan volver unos 100 mil chicos y chicas a las escuelas pampeanas. Este martes por la tarde, mediante videoconferencia, el gobernador<strong>\u00a0Sergio Ziliotto<\/strong>\u00a0aun\u00f3 criterios con el ministro de Educaci\u00f3n de Naci\u00f3n,\u00a0<strong>Nicolas Trotta<\/strong>, para que el sistema educativo afronte la \u201cnueva normalidad\u201d, evitando que la pandemia promueva desigualdades. Trotta adelant\u00f3 que \u201cse piensa en un sistema dual donde convivan lo virtual con las aulas\u201d y Ziliotto ratific\u00f3 que la provincia trabaja en \u201cdemocratizar la conectividad para achicar la brecha digital e igualar oportunidades\u201d entre los pampeanos.<\/p>\n<p>De la reuni\u00f3n participaron adem\u00e1s el titular de la cartera educativa pampeana,<strong>\u00a0Pablo Maccione<\/strong>, y la asesora gubernamental y exministra,\u00a0<strong>Mar\u00eda Cristina Garello<\/strong>, con quienes se analiz\u00f3 la realidad actual del sistema educativo, para luego adentrarse en las alternativas posibles de aplicar en el marco de un escenario futuro complejo provocado por la pandemia de coronavirus.<\/p>\n<p>Ziliotto se ocup\u00f3 de valorar el trabajo presencial de docentes y alumnos en el marco de las aulas, pero enfatiz\u00f3 que el Gobierno de La Pampa \u201cest\u00e1 dispuesto abierto a trabajar en acuerdos m\u00ednimos con el Gobierno Nacional para sostener una educaci\u00f3n p\u00fablica de calidad en todo el territorio\u201d provincial.<\/p>\n<p><strong>\u201cUno de los desaf\u00edos de nuestra gesti\u00f3n de gobierno es promover la conectividad, no solo para que haya igualdad de oportunidades, sino tambi\u00e9n para que la conectividad est\u00e9 al servicio de la educaci\u00f3n y la telemedicina\u201d<\/strong>, expres\u00f3 Ziliotto.<\/p>\n<p>Precis\u00f3 que\u00a0<strong>La Pampa aguarda que se le otorgue una porci\u00f3n del espectro radioel\u00e9ctrico y posee una red de fibra \u00f3ptica de m\u00e1s de 1.800 kil\u00f3metros.<\/strong>\u00a0\u201cCon estas herramientas, m\u00e1s\u00a0 Canal\u00a0 Tres, nuestra televisi\u00f3n p\u00fablica, estanos armando el andamiaje que nos permita llegar con educaci\u00f3n a todos los sectores\u201d, dijo.<\/p>\n<p>El mandatario resalt\u00f3 que La Pampa, por su estatus sanitario, presenta en ese aspecto ventajas comparativas con otras provincias. El hecho de llevar 42 d\u00edas sin casos positivos y que se hayan registrado, y curado, solo cinco casos importados coloca a la provincia en una posici\u00f3n favorable para empezar a trabajar en lo que se ha dado en llamar \u201cla nueva normalidad\u201d.<\/p>\n<p>Por su parte, el ministro Trotta, se\u00f1al\u00f3 que el pa\u00eds afronta \u201cun escenario impensado\u00bb hace cinco meses.\u00a0<strong>\u00abNadie se hubiera imaginado que hoy tendr\u00edamos las escuelas cerradas. Ahora trabajamos en impulsar una continuidad educativa y pedag\u00f3gica\u201d, dijo.<\/strong><\/p>\n<p>Tambi\u00e9n se refiri\u00f3 al trabajo conjunto entre los Gobiernos Nacional y Provincial: puso especial \u00e9nfasis en la posible implementaci\u00f3n d<strong>e \u201cun sistema dual de regreso en el que convivan lo virtual con las aulas\u201d<\/strong>\u00a0y en<strong>\u00a0la elaboraci\u00f3n de los protocolos de actuaci\u00f3n<\/strong>\u00a0necesarios para que<strong>\u00a0se habilite la actividad<\/strong>\u00a0en los establecimientos educativos.<\/p>\n<p>El funcionario nacional se refiri\u00f3 a\u00a0<strong>acordar meticulosamente c\u00f3mo ser\u00e1 el uso de los espacios comunes<\/strong>, incluyendo el ingreso a los establecimientos. \u201cMucho de lo que avancemos depender\u00e1 de la evoluci\u00f3n que la pandemia tenga en el mundo y en el pa\u00eds\u201d, dijo.<\/p>\n<p><strong>\u201cPor sobre todas las cosas debemos tener una tranquilidad epidemiol\u00f3gica que de seguridad a los docenes, alumnos y padres al momento que empiece el proceso de regreso escalonado a las aulas\u201d<\/strong>, dijo.<\/p>\n<div class=\"oasis-despues-del-contenido\" id=\"oasis-3518317183\"><img loading=\"lazy\" decoding=\"async\" src=\"https:\/\/oasisfm935.com.ar\/site\/wp-content\/uploads\/2020\/08\/47806202-8741-49f2-a5c9-d2f930e5baa1.jpg\" alt=\"\"  srcset=\"https:\/\/oasisfm935.com.ar\/site\/wp-content\/uploads\/2020\/08\/47806202-8741-49f2-a5c9-d2f930e5baa1.jpg 1080w, https:\/\/oasisfm935.com.ar\/site\/wp-content\/uploads\/2020\/08\/47806202-8741-49f2-a5c9-d2f930e5baa1-300x300.jpg 300w, https:\/\/oasisfm935.com.ar\/site\/wp-content\/uploads\/2020\/08\/47806202-8741-49f2-a5c9-d2f930e5baa1-1024x1024.jpg 1024w, https:\/\/oasisfm935.com.ar\/site\/wp-content\/uploads\/2020\/08\/47806202-8741-49f2-a5c9-d2f930e5baa1-150x150.jpg 150w, https:\/\/oasisfm935.com.ar\/site\/wp-content\/uploads\/2020\/08\/47806202-8741-49f2-a5c9-d2f930e5baa1-768x768.jpg 768w\" sizes=\"(max-width: 1080px) 100vw, 1080px\" class=\"no-lazyload\" width=\"1080\" height=\"1080\"  style=\"display: inline-block;\" \/><\/div>","protected":false},"excerpt":{"rendered":"<p>No dieron fechas, pero se estima que reci\u00e9n en agosto podr\u00edan volver unos 100 mil chicos y chicas a las escuelas pampeanas.<\/p>\n","protected":false},"author":4,"featured_media":4693,"comment_status":"closed","ping_status":"open","sticky":false,"template":"","format":"standard","meta":{"colormag_page_layout":"default_layout","footnotes":""},"categories":[2],"tags":[],"class_list":["post-4692","post","type-post","status-publish","format-standard","has-post-thumbnail","hentry","category-noticias"],"_links":{"self":[{"href":"https:\/\/oasisfm935.com.ar\/site\/wp-json\/wp\/v2\/posts\/4692","targetHints":{"allow":["GET"]}}],"collection":[{"href":"https:\/\/oasisfm935.com.ar\/site\/wp-json\/wp\/v2\/posts"}],"about":[{"href":"https:\/\/oasisfm935.com.ar\/site\/wp-json\/wp\/v2\/types\/post"}],"author":[{"embeddable":true,"href":"https:\/\/oasisfm935.com.ar\/site\/wp-json\/wp\/v2\/users\/4"}],"replies":[{"embeddable":true,"href":"https:\/\/oasisfm935.com.ar\/site\/wp-json\/wp\/v2\/comments?post=4692"}],"version-history":[{"count":1,"href":"https:\/\/oasisfm935.com.ar\/site\/wp-json\/wp\/v2\/posts\/4692\/revisions"}],"predecessor-version":[{"id":4694,"href":"https:\/\/oasisfm935.com.ar\/site\/wp-json\/wp\/v2\/posts\/4692\/revisions\/4694"}],"wp:featuredmedia":[{"embeddable":true,"href":"https:\/\/oasisfm935.com.ar\/site\/wp-json\/wp\/v2\/media\/4693"}],"wp:attachment":[{"href":"https:\/\/oasisfm935.com.ar\/site\/wp-json\/wp\/v2\/media?parent=4692"}],"wp:term":[{"taxonomy":"category","embeddable":true,"href":"https:\/\/oasisfm935.com.ar\/site\/wp-json\/wp\/v2\/categories?post=4692"},{"taxonomy":"post_tag","embeddable":true,"href":"https:\/\/oasisfm935.com.ar\/site\/wp-json\/wp\/v2\/tags?post=4692"}],"curies":[{"name":"wp","href":"https:\/\/api.w.org\/{rel}","templated":true}]}}