{"id":4696,"date":"2020-05-20T21:38:11","date_gmt":"2020-05-21T00:38:11","guid":{"rendered":"http:\/\/oasisfm935.com\/site\/?p=4696"},"modified":"2020-05-20T22:33:40","modified_gmt":"2020-05-21T01:33:40","slug":"ingeniero-luiggi-hacen-protector-facial-gratis-para-comerciantes","status":"publish","type":"post","link":"https:\/\/oasisfm935.com.ar\/site\/ingeniero-luiggi-hacen-protector-facial-gratis-para-comerciantes\/","title":{"rendered":"Ingeniero Luiggi:  Hacen protector facial gratis para comerciantes."},"content":{"rendered":"<p><strong>En comunicaci\u00f3n con Fm Oasis Gustavo Schanck\u00a0 nos cuenta que con maquinas impresoras 3D del Centro Provincial de Formaci\u00f3n Profesional N\u00b0 9, m\u00e1s impresoras particulares de la localidad estamos haciendo protectores faciales.\u00a0<\/strong><\/p>\n<p>Son protectores faciales que protegen el rostro completo, que es para usar junto con el barbijo, en ning\u00fan momento reemplaza al uso del barbijo, es para poner por enesima del barbijo. Es una inquietud que surgi\u00f3 ac\u00e1, de poder proteger a la gente de la mejor manera posible.<\/p>\n<p>Varias empresas y particulares hicieron aportes para poder comprar las impresoras 3D y con eso se esta haciendo esto para poder\u00a0<em>obsequiarlo a la gente para que no tengan que comprarlo ni tengan que salir adquirirlo de otra manera .\u00a0<\/em><\/p>\n<blockquote><p>\u00a0 \u00a0 \u00a0 \u00a0 \u00a0 \u00a0 \u00a0 \u00a0 \u00a0 \u00a0 \u00a0 \u00a0 \u00a0 \u00a0 \u00a0 \u00a0 \u00a0 \u00a0 \u00a0 \u00a0 \u00a0 \u00a0 \u00a0 \u00a0 \u00a0 \u00a0 \u00a0 \u00a0 <em>Los estamos largando ahora, digamos un poco mas masivamente\u00a0 porque reci\u00e9n ahora hemos podido disponer de todas las impresoras para poder hacerlo. Vamos teniendo una cantidad un poco mas suficiente para abarcar a toda la poblaci\u00f3n.<\/em><\/p>\n<p><em>Esto tiene un limite, no podemos hacer mas 20 o 25 por d\u00eda, andando todo muy bien, le pedimos paciencia a\u00a0 gente, que valla llamando para poder llegar a tiempo con ellos, por ahi vamos a demorar un poquito para algunos, no es mala voluntad; vamos haciendo a medida que vamos recibiendo pedidos<\/em><\/p><\/blockquote>\n<p><em>Quiero aclarar que son gratuitas solo para comerciantes no para particulares, no es nuestra intenci\u00f3n en una \u00e9poca de pandemia y de emergencia como la que tenemos, de andar lucrando con estas necesidades. Gracias al aporte de empresas y particulares del medios que donaron las impresoras y el\u00a0 material es que nosotros estamos haci\u00e9ndolas, son para donar.\u00a0 Aprovecho tu medio para agradecer a todas las empresas y particulares que aportaron dinero para esto y a la gente que nos tenga paciencia para poder llegar.\u00a0<\/em><\/p>\n<div><\/div>\n<div class=\"oasis-despues-del-contenido\" id=\"oasis-1743447182\"><img loading=\"lazy\" decoding=\"async\" src=\"https:\/\/oasisfm935.com.ar\/site\/wp-content\/uploads\/2020\/08\/47806202-8741-49f2-a5c9-d2f930e5baa1.jpg\" alt=\"\"  srcset=\"https:\/\/oasisfm935.com.ar\/site\/wp-content\/uploads\/2020\/08\/47806202-8741-49f2-a5c9-d2f930e5baa1.jpg 1080w, https:\/\/oasisfm935.com.ar\/site\/wp-content\/uploads\/2020\/08\/47806202-8741-49f2-a5c9-d2f930e5baa1-300x300.jpg 300w, https:\/\/oasisfm935.com.ar\/site\/wp-content\/uploads\/2020\/08\/47806202-8741-49f2-a5c9-d2f930e5baa1-1024x1024.jpg 1024w, https:\/\/oasisfm935.com.ar\/site\/wp-content\/uploads\/2020\/08\/47806202-8741-49f2-a5c9-d2f930e5baa1-150x150.jpg 150w, https:\/\/oasisfm935.com.ar\/site\/wp-content\/uploads\/2020\/08\/47806202-8741-49f2-a5c9-d2f930e5baa1-768x768.jpg 768w\" sizes=\"(max-width: 1080px) 100vw, 1080px\" class=\"no-lazyload\" width=\"1080\" height=\"1080\"  style=\"display: inline-block;\" \/><\/div>","protected":false},"excerpt":{"rendered":"<p>En comunicaci\u00f3n con Fm Oasis Gustavo Schanck\u00a0 nos cuenta que con maquinas impresoras 3D del Centro Provincial de Formaci\u00f3n Profesional N\u00b0 9,<\/p>\n","protected":false},"author":4,"featured_media":4697,"comment_status":"closed","ping_status":"open","sticky":false,"template":"","format":"standard","meta":{"colormag_page_layout":"default_layout","footnotes":""},"categories":[2],"tags":[],"class_list":["post-4696","post","type-post","status-publish","format-standard","has-post-thumbnail","hentry","category-noticias"],"_links":{"self":[{"href":"https:\/\/oasisfm935.com.ar\/site\/wp-json\/wp\/v2\/posts\/4696","targetHints":{"allow":["GET"]}}],"collection":[{"href":"https:\/\/oasisfm935.com.ar\/site\/wp-json\/wp\/v2\/posts"}],"about":[{"href":"https:\/\/oasisfm935.com.ar\/site\/wp-json\/wp\/v2\/types\/post"}],"author":[{"embeddable":true,"href":"https:\/\/oasisfm935.com.ar\/site\/wp-json\/wp\/v2\/users\/4"}],"replies":[{"embeddable":true,"href":"https:\/\/oasisfm935.com.ar\/site\/wp-json\/wp\/v2\/comments?post=4696"}],"version-history":[{"count":5,"href":"https:\/\/oasisfm935.com.ar\/site\/wp-json\/wp\/v2\/posts\/4696\/revisions"}],"predecessor-version":[{"id":4702,"href":"https:\/\/oasisfm935.com.ar\/site\/wp-json\/wp\/v2\/posts\/4696\/revisions\/4702"}],"wp:featuredmedia":[{"embeddable":true,"href":"https:\/\/oasisfm935.com.ar\/site\/wp-json\/wp\/v2\/media\/4697"}],"wp:attachment":[{"href":"https:\/\/oasisfm935.com.ar\/site\/wp-json\/wp\/v2\/media?parent=4696"}],"wp:term":[{"taxonomy":"category","embeddable":true,"href":"https:\/\/oasisfm935.com.ar\/site\/wp-json\/wp\/v2\/categories?post=4696"},{"taxonomy":"post_tag","embeddable":true,"href":"https:\/\/oasisfm935.com.ar\/site\/wp-json\/wp\/v2\/tags?post=4696"}],"curies":[{"name":"wp","href":"https:\/\/api.w.org\/{rel}","templated":true}]}}