{"id":4703,"date":"2020-05-21T10:31:23","date_gmt":"2020-05-21T13:31:23","guid":{"rendered":"http:\/\/oasisfm935.com\/site\/?p=4703"},"modified":"2020-05-21T14:27:42","modified_gmt":"2020-05-21T17:27:42","slug":"ziliotto-anuncio-que-nacion-reactiva-el-arreglo-de-las-rutas-nacionales-por-la-pampa","status":"publish","type":"post","link":"https:\/\/oasisfm935.com.ar\/site\/ziliotto-anuncio-que-nacion-reactiva-el-arreglo-de-las-rutas-nacionales-por-la-pampa\/","title":{"rendered":"Ziliotto anunci\u00f3 que Naci\u00f3n reactiva el arreglo de las rutas nacionales por La Pampa"},"content":{"rendered":"<p>El gobernador\u00a0<strong>Sergio Ziliotto<\/strong>\u00a0anunci\u00f3 que se<strong>\u00a0\u201creactivar\u00e1n\u201d todos los contratos de las obras\u00a0<\/strong>en las\u00a0<strong>rutas nacionales<\/strong>\u00a0que estaban ca\u00eddos en La Pampa:<strong>\u00a0los trabajos en las rutas 35, 188 y 151 y las obras de la avenida circunvalaci\u00f3n de Santa Rosa y el ingreso a General Acha.<\/strong><\/p>\n<p>Los trabajos que se iniciar\u00e1n en pocos d\u00edas m\u00e1s se ejecutaran sobre la\u00a0<strong>ruta 35, entre la provincial 18 y el l\u00edmite con C\u00f3rdoba<\/strong>; en la\u00a0<strong>ruta 188 entre la ruta 35 y Quetrequ\u00e9n<\/strong>; en la<strong>\u00a0ruta 151, en el tramo que va desde la ruta provincial 14 hasta el l\u00edmite con Rio Negro<\/strong>; el\u00a0<strong>Paso Urbano Santa Rosa<\/strong>\u00a0sobre Avenida de Circunvalaci\u00f3n; y la\u00a0<strong>traves\u00eda Urbana General Acha<\/strong>, sobre la ruta nacional 152.<\/p>\n<div class=\"g g-2\">\n<p>\u201cEs una inversi\u00f3n que, a valores de octubre del a\u00f1o pasado, ya alcanzaba los 3 mil millones de pesos\u201d, dijo Ziliotto. \u201cUna vez m\u00e1s queremos agradecerle al presidente (Alberto Fern\u00e1ndez) por cumplir las promesas con los pampeanos\u201d, sostuvo.<\/p>\n<p><strong>\u201cSe van a reanudar las obras y van a generar mayor seguridad vial, m\u00e1s trabajo y m\u00e1s actividad econ\u00f3mica\u201d<\/strong>, sostuvo.<\/p>\n<p>El gobernador cuestion\u00f3 al macrismo por \u201cabandonar\u201d las obras viales.\u00a0<strong>\u201cEs una red vial nacional que fue totalmente abandonada por el Gobierno nacional\u201d<\/strong>, lanz\u00f3 el mandatario. \u201cLa inundaci\u00f3n de 2017 tuvo consecuencias nefastas, desde lo clim\u00e1tico como de las decisiones del Gobierno de Mauricio Macri\u201d, expres\u00f3, en referencia a que la inacci\u00f3n de Naci\u00f3n dej\u00f3 aislados a varios pueblos.<\/p>\n<p><strong>Desembolsos<\/strong><\/p>\n<p>El titular del Distrito La Pampa de Vialidad Nacional,\u00a0<strong>Mart\u00edn Izaguirre<\/strong>, precis\u00f3 que en el\u00a0<strong>Paso Urbano de Santa Rosa<\/strong>\u00a0se desembolsar\u00e1n este a\u00f1o\u00a0<strong>100 millones de pesos<\/strong>. Precis\u00f3 que los trabajos comenzar\u00e1n en julio y se extender\u00e1n hasta febrero de 2021.<\/p>\n<p>Puntualiz\u00f3 que en la\u00a0<strong>ruta 151 el costo total de las obras asciende a 1.100 millones de pesos<\/strong>, pero aclar\u00f3 que este a\u00f1o se van a certificar trabajos por 150 millones de pesos. En total son 120 kil\u00f3metros a intervenir.<\/p>\n<p>Las otras obras son las Mallas Crema de las\u00a0<strong>rutas nacional 35, entre el l\u00edmite con provincia de Buenos Aires hasta Realic\u00f3<\/strong>\u00a0y la repavimentaci\u00f3n de la Malla Crema de la\u00a0<strong>ruta nacional 188 hasta el acceso a Quetrequ\u00e9n.<\/strong><\/p>\n<p>&nbsp;<\/p>\n<p><strong>Ruta 152<\/strong><\/p>\n<p>En tanto, el ministro de Obras P\u00fablicas,\u00a0<strong>Juan Ram\u00f3n Garay<\/strong>, adelant\u00f3 que el Gobierno provincial intentar\u00e1 insertar en la reactivaci\u00f3n de las obras viales a la\u00a0<strong>ruta nacional 152<\/strong>, que est\u00e1 muy deteriorada.<\/p>\n<p><strong>\u00abUno de los tramos, entre El Carancho y las Sierras de Lihuel Calel est\u00e1 preadjudicado y estamos viendo con Vialidad Nacional si se puede agregar\u00bb<\/strong>, dijo el funcionario pampeano.<\/p>\n<p>&nbsp;<\/p>\n<\/div>\n<div class=\"oasis-despues-del-contenido\" id=\"oasis-2030741379\"><img loading=\"lazy\" decoding=\"async\" src=\"https:\/\/oasisfm935.com.ar\/site\/wp-content\/uploads\/2020\/08\/47806202-8741-49f2-a5c9-d2f930e5baa1.jpg\" alt=\"\"  srcset=\"https:\/\/oasisfm935.com.ar\/site\/wp-content\/uploads\/2020\/08\/47806202-8741-49f2-a5c9-d2f930e5baa1.jpg 1080w, https:\/\/oasisfm935.com.ar\/site\/wp-content\/uploads\/2020\/08\/47806202-8741-49f2-a5c9-d2f930e5baa1-300x300.jpg 300w, https:\/\/oasisfm935.com.ar\/site\/wp-content\/uploads\/2020\/08\/47806202-8741-49f2-a5c9-d2f930e5baa1-1024x1024.jpg 1024w, https:\/\/oasisfm935.com.ar\/site\/wp-content\/uploads\/2020\/08\/47806202-8741-49f2-a5c9-d2f930e5baa1-150x150.jpg 150w, https:\/\/oasisfm935.com.ar\/site\/wp-content\/uploads\/2020\/08\/47806202-8741-49f2-a5c9-d2f930e5baa1-768x768.jpg 768w\" sizes=\"(max-width: 1080px) 100vw, 1080px\" class=\"no-lazyload\" width=\"1080\" height=\"1080\"  style=\"display: inline-block;\" \/><\/div>","protected":false},"excerpt":{"rendered":"<p>El gobernador\u00a0Sergio Ziliotto\u00a0anunci\u00f3 que se\u00a0\u201creactivar\u00e1n\u201d todos los contratos de las obras\u00a0en las\u00a0rutas nacionales\u00a0que estaban ca\u00eddos en La Pampa:\u00a0los trabajos en las rutas<\/p>\n","protected":false},"author":4,"featured_media":4704,"comment_status":"closed","ping_status":"open","sticky":false,"template":"","format":"standard","meta":{"colormag_page_layout":"default_layout","footnotes":""},"categories":[2],"tags":[],"class_list":["post-4703","post","type-post","status-publish","format-standard","has-post-thumbnail","hentry","category-noticias"],"_links":{"self":[{"href":"https:\/\/oasisfm935.com.ar\/site\/wp-json\/wp\/v2\/posts\/4703","targetHints":{"allow":["GET"]}}],"collection":[{"href":"https:\/\/oasisfm935.com.ar\/site\/wp-json\/wp\/v2\/posts"}],"about":[{"href":"https:\/\/oasisfm935.com.ar\/site\/wp-json\/wp\/v2\/types\/post"}],"author":[{"embeddable":true,"href":"https:\/\/oasisfm935.com.ar\/site\/wp-json\/wp\/v2\/users\/4"}],"replies":[{"embeddable":true,"href":"https:\/\/oasisfm935.com.ar\/site\/wp-json\/wp\/v2\/comments?post=4703"}],"version-history":[{"count":3,"href":"https:\/\/oasisfm935.com.ar\/site\/wp-json\/wp\/v2\/posts\/4703\/revisions"}],"predecessor-version":[{"id":4711,"href":"https:\/\/oasisfm935.com.ar\/site\/wp-json\/wp\/v2\/posts\/4703\/revisions\/4711"}],"wp:featuredmedia":[{"embeddable":true,"href":"https:\/\/oasisfm935.com.ar\/site\/wp-json\/wp\/v2\/media\/4704"}],"wp:attachment":[{"href":"https:\/\/oasisfm935.com.ar\/site\/wp-json\/wp\/v2\/media?parent=4703"}],"wp:term":[{"taxonomy":"category","embeddable":true,"href":"https:\/\/oasisfm935.com.ar\/site\/wp-json\/wp\/v2\/categories?post=4703"},{"taxonomy":"post_tag","embeddable":true,"href":"https:\/\/oasisfm935.com.ar\/site\/wp-json\/wp\/v2\/tags?post=4703"}],"curies":[{"name":"wp","href":"https:\/\/api.w.org\/{rel}","templated":true}]}}