{"id":4706,"date":"2020-05-21T12:05:25","date_gmt":"2020-05-21T15:05:25","guid":{"rendered":"http:\/\/oasisfm935.com\/site\/?p=4706"},"modified":"2020-05-21T12:05:25","modified_gmt":"2020-05-21T15:05:25","slug":"ingeniero-luiggi-organizadores-de-eventos-de-luiggi-muy-golpeados-por-la-cuarentena-no-sabemos-cuando-volveremos-a-trabajar","status":"publish","type":"post","link":"https:\/\/oasisfm935.com.ar\/site\/ingeniero-luiggi-organizadores-de-eventos-de-luiggi-muy-golpeados-por-la-cuarentena-no-sabemos-cuando-volveremos-a-trabajar\/","title":{"rendered":"Ingeniero Luiggi: Organizadores de eventos de Luiggi muy golpeados por la cuarentena: \u201cNo sabemos cu\u00e1ndo volveremos a trabajar\u201d"},"content":{"rendered":"<p>Los organizadores de eventos fueron de los sectores m\u00e1s golpeados en el marco de la pandemia del Covid-19.\u00a0 \u201c<strong>La situaci\u00f3n de la pandemia nos golpe\u00f3 a todos, nuestro rubro fue uno de los m\u00e1s golpeados, y como han dicho ya colegas en toda La Pampa, fuimos los primeros en dejar de trabajar y seremos de los \u00faltimos en volver\u00bb,<\/strong>\u00a0explicaron.<\/p>\n<p><strong>Zonal Noticias<\/strong>\u00a0entrevist\u00f3 a algunos emprendedores luiggenses vinculados a la organizaci\u00f3n de eventos sociales.<\/p>\n<p>\u201cNosotros estamos en la agrupaci\u00f3n APSE (Agrupaci\u00f3n de Proveedores y Servicios para eventos de La Pampa) que est\u00e1 compuesta por DJ, iluminadores, fot\u00f3grafos, animadores, catering, dise\u00f1adores, ambientadores, due\u00f1os de salones y mucha gente m\u00e1s\u201d, explic\u00f3 Eliana Orueta de Ingeniero Luiggi, dedicada a la ambientaci\u00f3n de fiestas.<\/p>\n<p><strong>\u201cSomos muchos los que trabajamos en la organizaci\u00f3n de eventos y hoy estamos parados\u201d,<\/strong>\u00a0se lament\u00f3.<\/p>\n<p>\u201c<strong>La situaci\u00f3n de la pandemia nos golpe\u00f3 a todos, nuestro rubro fue uno de los m\u00e1s golpeados, y como han dicho ya colegas en toda La Pampa, fuimos los primeros en dejar de trabajar y seremos de los \u00faltimos en volver\u00bb,<\/strong>\u00a0se\u00f1al\u00f3 Eliana Orueta.<\/p>\n<p><img decoding=\"async\" src=\"https:\/\/www.zonalnoticias.com\/images\/eventos_luiggi_2.jpg\" \/><\/p>\n<p>El grupo elabor\u00f3 un petitorio que se le envi\u00f3 al gobernador Ziliotto \u00abpara ver cu\u00e1ndo vamos a poder volver a trabajar, por supuesto con todas las medidas de seguridad, tanto para nosotros y principalmente para todas las personas que asisten a las fiestas\u00bb.<\/p>\n<p><strong>\u201cHe escuchado que el gobierno dio pr\u00e9stamos para emprendedores y ayudas para mucha gente m\u00e1s, pero nosotros no hemos querido acceder a estos cr\u00e9ditos porque no estamos trabajando y no podemos devolverlos\u201d<\/strong>, indic\u00f3.<\/p>\n<p><strong>\u201cSabemos que por un tiempo las fiestas no van a ser como las de antes\u201d<\/strong>, coment\u00f3 Eliana.<\/p>\n<p><img decoding=\"async\" src=\"https:\/\/www.zonalnoticias.com\/images\/eventos_luiggi_3.jpg\" \/><\/p>\n<p>La decoradora de ambientes explic\u00f3: \u201cEn mi caso me dedico a la decoraci\u00f3n y ambientaci\u00f3n de salones, y en un subgrupo que tenemos con gente que se dedica a lo mismo en la provincia, comenzamos a armar u protocolo con todas las medidas de higiene y seguridad para la gente a la hora de volver a comenzar a trabajar\u201d.<\/p>\n<p>Entre las propuestas, Eliana explic\u00f3: \u201c<strong>Si el sal\u00f3n tiene capacidad para 100 personas, el evento va a poder tener la asistencia de 50 personas, al momento de ingresar se implementar\u00e1 el uso de alcohol en gel, entre otras medidas de prevenci\u00f3n\u201d<\/strong><\/p>\n<p><strong>\u201cGracias a Dios en nuestro hogar hay otro ingreso de dinero, no vivimos espec\u00edficamente de esto, pero el a\u00f1o pasado compramos un veh\u00edculo para viajar a los eventos y con lo recaudado en las fiestas justamente pag\u00e1bamos la cuota de ese veh\u00edculo y hoy no tenemos ese ingreso, asique nos estamos arreglando con unos ahorros, pero no s\u00e9 hasta cu\u00e1ndo\u201d,<\/strong>\u00a0se lament\u00f3.<\/p>\n<p>\u201cHay muchos colegas que s\u00ed dependen de los eventos como ingreso y no la est\u00e1n pasando bien\u201d, indic\u00f3.<\/p>\n<p><img decoding=\"async\" src=\"https:\/\/www.zonalnoticias.com\/images\/eventos_luiggi_1.jpg\" \/><\/p>\n<p><strong>\u00abReinventarse\u00bb<\/strong><\/p>\n<p>\u201cAlgunos se reinventaron, para tratar de pasar este parate y tener un ingreso, nosotros por ejemplo estamos haciendo un bouquet de globos que llevamos a domicilio porque la gente sigue festejando cumplea\u00f1os con la familia\u201d,\u00a0 coment\u00f3 Eliana Orueta.<\/p>\n<p>Por su parte<strong>\u00a0Lucas Baudino<\/strong>\u00a0dedicado al rubro sonido e iluminaci\u00f3n destac\u00f3 \u201cobviamente que esta situaci\u00f3n nos afect\u00f3 mucho, durante un buen tiempo eventos no se van a poder hacer\u00bb.<\/p>\n<p>\u00abDel Estado la \u00fanica ayuda que estoy recibiendo es que no me est\u00e1n cobrando de la Municipalidad el cr\u00e9dito que solicit\u00e9\u201d, indic\u00f3<\/p>\n<p><strong>\u201cLa mayor\u00eda de los eventos que ten\u00eda confirmados, se cancelaron, mucha gente directamente no los va a hacer, hay otra gente que los posterg\u00f3 para el a\u00f1o que viene, pero nada es seguro\u201d,<\/strong>\u00a0explic\u00f3 con preocupaci\u00f3n.<\/p>\n<p>\u201cA mi particularmente la situaci\u00f3n me arruin\u00f3 en el sentido que no puedo generar ingresos para pagar lo invertido\u201d, relat\u00f3 Baudino.<\/p>\n<p>Otro de los entrevistados fue\u00a0<strong>Guido Alfonso de A&amp;G Sonido \u00a0de Agust\u00edn y Guido Alfonso,<\/strong>\u00a0quien cont\u00f3 \u201cla pandemia nos afect\u00f3 porque ten\u00edamos muchos cumplea\u00f1os confirmados hasta septiembre y todos esos eventos se suspendieron\u201d.<\/p>\n<p>Alfonso indic\u00f3 que del gobierno no recibieron ninguna ayuda\u00a0<strong>\u201cporque reci\u00e9n comenzamos\u201d, y como decimos todos \u201cfuimos los primeros en parar y seremos los \u00faltimos en volver, esperemos que esto termine pronto y podamos seguir divirtiendo a la gente<\/strong>\u201d, concluy\u00f3<\/p>\n<div class=\"oasis-despues-del-contenido\" id=\"oasis-2372030409\"><img loading=\"lazy\" decoding=\"async\" src=\"https:\/\/oasisfm935.com.ar\/site\/wp-content\/uploads\/2020\/08\/47806202-8741-49f2-a5c9-d2f930e5baa1.jpg\" alt=\"\"  srcset=\"https:\/\/oasisfm935.com.ar\/site\/wp-content\/uploads\/2020\/08\/47806202-8741-49f2-a5c9-d2f930e5baa1.jpg 1080w, https:\/\/oasisfm935.com.ar\/site\/wp-content\/uploads\/2020\/08\/47806202-8741-49f2-a5c9-d2f930e5baa1-300x300.jpg 300w, https:\/\/oasisfm935.com.ar\/site\/wp-content\/uploads\/2020\/08\/47806202-8741-49f2-a5c9-d2f930e5baa1-1024x1024.jpg 1024w, https:\/\/oasisfm935.com.ar\/site\/wp-content\/uploads\/2020\/08\/47806202-8741-49f2-a5c9-d2f930e5baa1-150x150.jpg 150w, https:\/\/oasisfm935.com.ar\/site\/wp-content\/uploads\/2020\/08\/47806202-8741-49f2-a5c9-d2f930e5baa1-768x768.jpg 768w\" sizes=\"(max-width: 1080px) 100vw, 1080px\" class=\"no-lazyload\" width=\"1080\" height=\"1080\"  style=\"display: inline-block;\" \/><\/div>","protected":false},"excerpt":{"rendered":"<p>Los organizadores de eventos fueron de los sectores m\u00e1s golpeados en el marco de la pandemia del Covid-19.\u00a0 \u201cLa situaci\u00f3n de la<\/p>\n","protected":false},"author":4,"featured_media":4707,"comment_status":"closed","ping_status":"open","sticky":false,"template":"","format":"standard","meta":{"colormag_page_layout":"default_layout","footnotes":""},"categories":[2],"tags":[],"class_list":["post-4706","post","type-post","status-publish","format-standard","has-post-thumbnail","hentry","category-noticias"],"_links":{"self":[{"href":"https:\/\/oasisfm935.com.ar\/site\/wp-json\/wp\/v2\/posts\/4706","targetHints":{"allow":["GET"]}}],"collection":[{"href":"https:\/\/oasisfm935.com.ar\/site\/wp-json\/wp\/v2\/posts"}],"about":[{"href":"https:\/\/oasisfm935.com.ar\/site\/wp-json\/wp\/v2\/types\/post"}],"author":[{"embeddable":true,"href":"https:\/\/oasisfm935.com.ar\/site\/wp-json\/wp\/v2\/users\/4"}],"replies":[{"embeddable":true,"href":"https:\/\/oasisfm935.com.ar\/site\/wp-json\/wp\/v2\/comments?post=4706"}],"version-history":[{"count":1,"href":"https:\/\/oasisfm935.com.ar\/site\/wp-json\/wp\/v2\/posts\/4706\/revisions"}],"predecessor-version":[{"id":4708,"href":"https:\/\/oasisfm935.com.ar\/site\/wp-json\/wp\/v2\/posts\/4706\/revisions\/4708"}],"wp:featuredmedia":[{"embeddable":true,"href":"https:\/\/oasisfm935.com.ar\/site\/wp-json\/wp\/v2\/media\/4707"}],"wp:attachment":[{"href":"https:\/\/oasisfm935.com.ar\/site\/wp-json\/wp\/v2\/media?parent=4706"}],"wp:term":[{"taxonomy":"category","embeddable":true,"href":"https:\/\/oasisfm935.com.ar\/site\/wp-json\/wp\/v2\/categories?post=4706"},{"taxonomy":"post_tag","embeddable":true,"href":"https:\/\/oasisfm935.com.ar\/site\/wp-json\/wp\/v2\/tags?post=4706"}],"curies":[{"name":"wp","href":"https:\/\/api.w.org\/{rel}","templated":true}]}}