{"id":4713,"date":"2020-05-21T21:51:59","date_gmt":"2020-05-22T00:51:59","guid":{"rendered":"http:\/\/oasisfm935.com\/site\/?p=4713"},"modified":"2020-05-21T21:53:29","modified_gmt":"2020-05-22T00:53:29","slug":"ingeniero-luggi-patricia-lavin-junto-a-su-equipo-de-trabajo-recorrieron-red-terciaria","status":"publish","type":"post","link":"https:\/\/oasisfm935.com.ar\/site\/ingeniero-luggi-patricia-lavin-junto-a-su-equipo-de-trabajo-recorrieron-red-terciaria\/","title":{"rendered":"Ingeniero Luggi: Patricia Lavin junto a su equipo de trabajo recorrieron red terciaria."},"content":{"rendered":"<p>&nbsp;<\/p>\n<p><strong>En comunicaci\u00f3n con Fm Oasis Victor Tarditti<\/strong> nos comento que el d\u00eda martes por la ma\u00f1ana tuvimos la vista de la gente de vialidad, donde primero tuvieron una charla con la Intendenta Patricia Lav\u00edn, luego de esa charla iniciamos una\u00a0 recorrida del sector donde estamos realizando algunos trabajos, que el sector esta comprendido entre Ingeniero Luiggi y Embajador Martini, hemos elegido empezar por ese sector ya que es una zona de napas altas y la humedad esta ideal para hacer el mantenimientos de caminos.<\/p>\n<p><img decoding=\"async\" src=\"https:\/\/scontent.frsa4-1.fna.fbcdn.net\/v\/t1.0-9\/97933575_3050074741742671_8197788809266462720_n.jpg?_nc_cat=105&amp;_nc_sid=110474&amp;_nc_eui2=AeHI9Tuw0uBgHxpckgGQe0NSzkukFpQsu4LOS6QWlCy7gnT5sN4wSrs4g6RkV4uOw2R9mroMeT6kOKwzp4LGwtqx&amp;_nc_oc=AQklS_XHR4F4a6XZ9Ka7Iv-itFPndI3VfbREuSPEG14-gvQVD8On7ZL240Wwm-MOPDo&amp;_nc_ht=scontent.frsa4-1.fna&amp;oh=90bb6f5aec93d7257cd5e4bd78d2c858&amp;oe=5EEB383A\" alt=\"La imagen puede contener: cielo y exterior\" \/><\/p>\n<p><em>Esperemos que se empiece a normalizar todo el sistema de certificaciones como se trabaja anualmente,\u00a0 primero se hace un plan de trabajo en el inicio de mes, se presenta el trabajo, iniciamos el trabajos y a fin de mes el inspector que en este caso el Se\u00f1or Fredes se hace presente, controla los trabajos que hemos realizado, cierra la certificaci\u00f3n y los 10 o 15 d\u00edas de mes siguiente estamos teniendo los ingresos los importes de trabajos realizado del mes ese anterior .\u00a0<\/em><\/p>\n<p><img decoding=\"async\" src=\"https:\/\/scontent.frsa4-1.fna.fbcdn.net\/v\/t1.0-9\/97997025_3050060695077409_4880588900013178880_n.jpg?_nc_cat=105&amp;_nc_sid=110474&amp;_nc_eui2=AeFMWTfIZk9ScUsIPtYPY8Nqrk13nEwcyyKuTXecTBzLIid8HERiUzntQnUUEyno9-Sk9KaXYS-cSgg1J6J2qGuh&amp;_nc_oc=AQmyxPSNpuxgZ2GEPyvn3V9S2qKejhS_0E_3EQ4AgOramc39Jettj6LBa-UqnznCKJE&amp;_nc_ht=scontent.frsa4-1.fna&amp;oh=63dc56c0edc7208beef704597569273d&amp;oe=5EEE165A\" alt=\"La imagen puede contener: cielo, exterior y naturaleza\" \/><\/p>\n<p><em> Desgraciadamente por esto de la pand\u00e9mia todo esto se vio perjudicado en la parte administrativa, esperemos ahora arrancar con regularidad todo lo que nos queda del a\u00f1o<\/em> .<\/p>\n<blockquote><p>\u00a0 \u00a0 \u00a0 \u00a0 \u00a0 \u00a0 \u00a0 \u00a0 \u00a0 \u00a0 \u00a0 \u00a0 \u00a0 \u00a0 \u00a0 \u00a0 \u00a0 Tarditti manifest\u00f3: \u00abQuiero agradecer a Vialidad Provincial que siempre que los necesitamos ellos est\u00e1n presente, a Ricardo Badu y a todo su equipo, a Seba Fredes que es nuestro inspector de la zona, siempre nos tratan de brindar las soluciones posibles del momento\u00a8.<\/p><\/blockquote>\n<p><img decoding=\"async\" src=\"https:\/\/scontent.frsa4-1.fna.fbcdn.net\/v\/t1.0-9\/98172955_3050064391743706_5149088771932684288_n.jpg?_nc_cat=104&amp;_nc_sid=110474&amp;_nc_eui2=AeEtdvD0gPM5w8IE0cUenuuIN5vyX8sMn_Q3m_Jfywyf9LMdy354ZXmjG71OEy983ayaMRBn-BBcJa5sRkrnF9ji&amp;_nc_oc=AQleODKdlQbwjRlOf54hT-iIuibJfYWk4hfdg-uV9hyEg05VKGspj0lQg7YTqxfdP6Y&amp;_nc_ht=scontent.frsa4-1.fna&amp;oh=b7f9bb16d1b50f959c7c4dff41b7578e&amp;oe=5EEBF651\" alt=\"La imagen puede contener: cielo, exterior y naturaleza\" \/><\/p>\n<blockquote><p>\u00a0 \u00a0 \u00a0 \u00a0 \u00a0 \u00a0 \u00a0 \u00a0 \u00a0 \u00a0 \u00a0 \u00a0 \u00a0 \u00a0 \u00a0 \u00a0 \u00a0 Al d\u00eda siguiente la intendenta nos solicito hacer un recorrido de todo este sector que nosotros denominamos el camino \u00abel\u00a0 \u00d1andu\u00bb que sabemos que esta en un estado bastante complicado de mantenimiento, tambi\u00e9n por el 24 para evaluar de hacer un trabajo de tapada de pazos y si dios quiere venga una pronta lluvia, salir cuando tengamos la humedad ideal con moto niveladora para hacer un repaso de ese sector .<\/p><\/blockquote>\n<p>&nbsp;<\/p>\n<p>&nbsp;<\/p>\n<div class=\"oasis-despues-del-contenido\" id=\"oasis-756953333\"><img loading=\"lazy\" decoding=\"async\" src=\"https:\/\/oasisfm935.com.ar\/site\/wp-content\/uploads\/2020\/08\/47806202-8741-49f2-a5c9-d2f930e5baa1.jpg\" alt=\"\"  srcset=\"https:\/\/oasisfm935.com.ar\/site\/wp-content\/uploads\/2020\/08\/47806202-8741-49f2-a5c9-d2f930e5baa1.jpg 1080w, https:\/\/oasisfm935.com.ar\/site\/wp-content\/uploads\/2020\/08\/47806202-8741-49f2-a5c9-d2f930e5baa1-300x300.jpg 300w, https:\/\/oasisfm935.com.ar\/site\/wp-content\/uploads\/2020\/08\/47806202-8741-49f2-a5c9-d2f930e5baa1-1024x1024.jpg 1024w, https:\/\/oasisfm935.com.ar\/site\/wp-content\/uploads\/2020\/08\/47806202-8741-49f2-a5c9-d2f930e5baa1-150x150.jpg 150w, https:\/\/oasisfm935.com.ar\/site\/wp-content\/uploads\/2020\/08\/47806202-8741-49f2-a5c9-d2f930e5baa1-768x768.jpg 768w\" sizes=\"(max-width: 1080px) 100vw, 1080px\" class=\"no-lazyload\" width=\"1080\" height=\"1080\"  style=\"display: inline-block;\" \/><\/div>","protected":false},"excerpt":{"rendered":"<p>&nbsp; En comunicaci\u00f3n con Fm Oasis Victor Tarditti nos comento que el d\u00eda martes por la ma\u00f1ana tuvimos la vista de la<\/p>\n","protected":false},"author":4,"featured_media":4714,"comment_status":"closed","ping_status":"open","sticky":false,"template":"","format":"standard","meta":{"colormag_page_layout":"default_layout","footnotes":""},"categories":[2],"tags":[],"class_list":["post-4713","post","type-post","status-publish","format-standard","has-post-thumbnail","hentry","category-noticias"],"_links":{"self":[{"href":"https:\/\/oasisfm935.com.ar\/site\/wp-json\/wp\/v2\/posts\/4713","targetHints":{"allow":["GET"]}}],"collection":[{"href":"https:\/\/oasisfm935.com.ar\/site\/wp-json\/wp\/v2\/posts"}],"about":[{"href":"https:\/\/oasisfm935.com.ar\/site\/wp-json\/wp\/v2\/types\/post"}],"author":[{"embeddable":true,"href":"https:\/\/oasisfm935.com.ar\/site\/wp-json\/wp\/v2\/users\/4"}],"replies":[{"embeddable":true,"href":"https:\/\/oasisfm935.com.ar\/site\/wp-json\/wp\/v2\/comments?post=4713"}],"version-history":[{"count":1,"href":"https:\/\/oasisfm935.com.ar\/site\/wp-json\/wp\/v2\/posts\/4713\/revisions"}],"predecessor-version":[{"id":4715,"href":"https:\/\/oasisfm935.com.ar\/site\/wp-json\/wp\/v2\/posts\/4713\/revisions\/4715"}],"wp:featuredmedia":[{"embeddable":true,"href":"https:\/\/oasisfm935.com.ar\/site\/wp-json\/wp\/v2\/media\/4714"}],"wp:attachment":[{"href":"https:\/\/oasisfm935.com.ar\/site\/wp-json\/wp\/v2\/media?parent=4713"}],"wp:term":[{"taxonomy":"category","embeddable":true,"href":"https:\/\/oasisfm935.com.ar\/site\/wp-json\/wp\/v2\/categories?post=4713"},{"taxonomy":"post_tag","embeddable":true,"href":"https:\/\/oasisfm935.com.ar\/site\/wp-json\/wp\/v2\/tags?post=4713"}],"curies":[{"name":"wp","href":"https:\/\/api.w.org\/{rel}","templated":true}]}}