{"id":4728,"date":"2020-05-22T11:34:09","date_gmt":"2020-05-22T14:34:09","guid":{"rendered":"http:\/\/oasisfm935.com\/site\/?p=4728"},"modified":"2020-05-22T11:34:09","modified_gmt":"2020-05-22T14:34:09","slug":"la-pampa-cierra-mas-sus-limites-clausura-puestos-camineros-y-deja-solo-10","status":"publish","type":"post","link":"https:\/\/oasisfm935.com.ar\/site\/la-pampa-cierra-mas-sus-limites-clausura-puestos-camineros-y-deja-solo-10\/","title":{"rendered":"La Pampa cierra m\u00e1s sus l\u00edmites: clausura puestos camineros y deja solo 10"},"content":{"rendered":"<p>El Gobierno provincial decidi\u00f3 cerrar, desde\u00a0<strong>el martes 26, 7 de sus 17 puestos camioneros de la Polic\u00eda<\/strong>, con el fin de mejorar los controles de ingresos de las personas y se pueda mantener el estatus sanitario sin nuevos casos positivos de coronavirus Covid-19.<\/p>\n<p><strong>\u201cVamos a tener m\u00e1s eficiencia\u201d<\/strong>, dijo el gobernador Sergio Ziliotto, en conferencia de prensa.\u00a0<strong>\u201cVamos a mejorar el control porque sabemos que el virus est\u00e1 afuera de la provincia\u201d<\/strong>, sostuvo.<\/p>\n<p>Seg\u00fan dijo, desde el martes solo mantendr\u00e1n los puestos de\u00a0<strong>Santa Isabel<\/strong>, que comunica con Mendoza; de Chamaic\u00f3, con San Luis; y de Realic\u00f3, con C\u00f3rdoba.<\/p>\n<p>En tanto, con Buenos Aires se mantendr\u00e1 la comunicaci\u00f3n terrestre a trav\u00e9s de los puestos camineros de\u00a0<strong>Fort\u00edn Pampa, Catril\u00f3, Rol\u00f3n\u00a0<\/strong>y\u00a0<strong>Arauz<\/strong>.<\/p>\n<p>A su vez, con la provincia de R\u00edo Negro quedar\u00e1n habilitados los pasos de\u00a0<strong>La Adela, Casa de Piedra\u00a0<\/strong>y<strong>\u00a025 de Mayo<\/strong>.<\/p>\n<div class=\"oasis-despues-del-contenido\" id=\"oasis-83039591\"><img loading=\"lazy\" decoding=\"async\" src=\"https:\/\/oasisfm935.com.ar\/site\/wp-content\/uploads\/2020\/08\/47806202-8741-49f2-a5c9-d2f930e5baa1.jpg\" alt=\"\"  srcset=\"https:\/\/oasisfm935.com.ar\/site\/wp-content\/uploads\/2020\/08\/47806202-8741-49f2-a5c9-d2f930e5baa1.jpg 1080w, https:\/\/oasisfm935.com.ar\/site\/wp-content\/uploads\/2020\/08\/47806202-8741-49f2-a5c9-d2f930e5baa1-300x300.jpg 300w, https:\/\/oasisfm935.com.ar\/site\/wp-content\/uploads\/2020\/08\/47806202-8741-49f2-a5c9-d2f930e5baa1-1024x1024.jpg 1024w, https:\/\/oasisfm935.com.ar\/site\/wp-content\/uploads\/2020\/08\/47806202-8741-49f2-a5c9-d2f930e5baa1-150x150.jpg 150w, https:\/\/oasisfm935.com.ar\/site\/wp-content\/uploads\/2020\/08\/47806202-8741-49f2-a5c9-d2f930e5baa1-768x768.jpg 768w\" sizes=\"(max-width: 1080px) 100vw, 1080px\" class=\"no-lazyload\" width=\"1080\" height=\"1080\"  style=\"display: inline-block;\" \/><\/div>","protected":false},"excerpt":{"rendered":"<p>El Gobierno provincial decidi\u00f3 cerrar, desde\u00a0el martes 26, 7 de sus 17 puestos camioneros de la Polic\u00eda, con el fin de mejorar<\/p>\n","protected":false},"author":4,"featured_media":4729,"comment_status":"closed","ping_status":"open","sticky":false,"template":"","format":"standard","meta":{"colormag_page_layout":"default_layout","footnotes":""},"categories":[2],"tags":[],"class_list":["post-4728","post","type-post","status-publish","format-standard","has-post-thumbnail","hentry","category-noticias"],"_links":{"self":[{"href":"https:\/\/oasisfm935.com.ar\/site\/wp-json\/wp\/v2\/posts\/4728","targetHints":{"allow":["GET"]}}],"collection":[{"href":"https:\/\/oasisfm935.com.ar\/site\/wp-json\/wp\/v2\/posts"}],"about":[{"href":"https:\/\/oasisfm935.com.ar\/site\/wp-json\/wp\/v2\/types\/post"}],"author":[{"embeddable":true,"href":"https:\/\/oasisfm935.com.ar\/site\/wp-json\/wp\/v2\/users\/4"}],"replies":[{"embeddable":true,"href":"https:\/\/oasisfm935.com.ar\/site\/wp-json\/wp\/v2\/comments?post=4728"}],"version-history":[{"count":1,"href":"https:\/\/oasisfm935.com.ar\/site\/wp-json\/wp\/v2\/posts\/4728\/revisions"}],"predecessor-version":[{"id":4730,"href":"https:\/\/oasisfm935.com.ar\/site\/wp-json\/wp\/v2\/posts\/4728\/revisions\/4730"}],"wp:featuredmedia":[{"embeddable":true,"href":"https:\/\/oasisfm935.com.ar\/site\/wp-json\/wp\/v2\/media\/4729"}],"wp:attachment":[{"href":"https:\/\/oasisfm935.com.ar\/site\/wp-json\/wp\/v2\/media?parent=4728"}],"wp:term":[{"taxonomy":"category","embeddable":true,"href":"https:\/\/oasisfm935.com.ar\/site\/wp-json\/wp\/v2\/categories?post=4728"},{"taxonomy":"post_tag","embeddable":true,"href":"https:\/\/oasisfm935.com.ar\/site\/wp-json\/wp\/v2\/tags?post=4728"}],"curies":[{"name":"wp","href":"https:\/\/api.w.org\/{rel}","templated":true}]}}