{"id":4735,"date":"2020-05-22T17:18:47","date_gmt":"2020-05-22T20:18:47","guid":{"rendered":"http:\/\/oasisfm935.com\/site\/?p=4735"},"modified":"2020-05-22T17:29:31","modified_gmt":"2020-05-22T20:29:31","slug":"el-jefe-de-bomberos-de-la-maruja-dio-detalles-del-rastrillaje-que-dio-con-el-cuerpo-sin-vida-de-un-empleado-rural","status":"publish","type":"post","link":"https:\/\/oasisfm935.com.ar\/site\/el-jefe-de-bomberos-de-la-maruja-dio-detalles-del-rastrillaje-que-dio-con-el-cuerpo-sin-vida-de-un-empleado-rural\/","title":{"rendered":"El jefe de bomberos de La Maruja dio detalles del rastrillaje que dio con el cuerpo sin vida de un empleado rural"},"content":{"rendered":"<p>El jefe del Cuerpo de Bomberos de La Maruja Ricardo Gaiara dio detalles a<strong>\u00a0Zonal Noticias<\/strong>\u00a0del procedimiento realizado por bomberos y polic\u00edas en un campo de La Maruja, que termin\u00f3 con el hallazgo sin vida del trabajador rural en el predio Don Angel.<\/p>\n<p>El bombero voluntario narr\u00f3: \u00bb Llegamos al campo \u201cDon Angel\u201d del se\u00f1or Deltetto, que est\u00e1 alquilado, alrededor de las 23 horas. Nos llam\u00f3 el comisario de la Departamental de Caleuf\u00fa para que fu\u00e9ramos a colaborar junto al personal de esta dependencia junto a \u00a0Pichi Huinca y La\u00a0 Maruja\u00bb.<\/p>\n<p>El hombre hallado tras varias horas de rastrillaje\u00a0en este predio rural ubicado \u00a0a unos 20 kil\u00f3metros de la localidad de La Maruja, fue identificado como Walter Suarez de unos 63 a\u00f1os.<\/p>\n<p><strong>\u201cComenzamos a hacer el rastrillaje en camioneta primero y despu\u00e9s caminando porque era lo m\u00e1s efectivo, trabajamos una media hora y en ese momento nos comunicaron que ven\u00eda la polic\u00eda de Pico con los perros\u201d<\/strong>, inform\u00f3 Gaiara.<\/p>\n<p>\u201cCuando llegaron hicimos el rastrillaje en conjunto, hasta que dimos con el cuerpo del empleado rural tendido en un pastizal\u201d, inform\u00f3.<\/p>\n<p>\u00abSe trabaj\u00f3 desde las 23 hasta las 3,30 de la ma\u00f1ana, donde luego del hallazgo del trabajador, nosotros nos retiramos y continu\u00f3 la polic\u00eda con el procedimiento\u00bb, indic\u00f3 el jefe de bomberos de La Maruja.<\/p>\n<p><strong>El personal policial de la Unidad Regioanl II y la Agencia de Investigaci\u00f3n Cient\u00edfica de la UR II trasladaron el cuerpo del trabajador para realizarle la autopsia correspondiente.<\/strong><\/p>\n<p>Seg\u00fan cont\u00f3 un compa\u00f1ero de trabajo, el encargado del campo hab\u00eda salido a encerrar unos animales a las 19 horas aproximadamente y eran las 23 y no regresaba, incluso el compa\u00f1ero hab\u00eda encontrado el caballo ensillado, lo que le llam\u00f3 much\u00f3 la atenci\u00f3n.<\/p>\n<p>Finalmente tras recorrer unos 7 lotes, lo hallaron pasadas las 3,30 de la madrugada.<\/p>\n<p>Seg\u00fan las primeras informaciones el trabajador rural podr\u00eda haber sufrido un paro card\u00edaco cuando se encontraba juntando hacienda con su caballo y cay\u00f3 al suelo. La otra posibilidad es que se haya ca\u00eddo el caballo, lo que le habr\u00eda provocado graves lesiones que terminaron con su vida.<\/p>\n<p><strong>No obstante habr\u00e1 que aguardar el resultado de la autopsia para determinar fehacientemente las causales del deceso.<\/strong><\/p>\n<div class=\"oasis-despues-del-contenido\" id=\"oasis-3330008185\"><img loading=\"lazy\" decoding=\"async\" src=\"https:\/\/oasisfm935.com.ar\/site\/wp-content\/uploads\/2020\/08\/47806202-8741-49f2-a5c9-d2f930e5baa1.jpg\" alt=\"\"  srcset=\"https:\/\/oasisfm935.com.ar\/site\/wp-content\/uploads\/2020\/08\/47806202-8741-49f2-a5c9-d2f930e5baa1.jpg 1080w, https:\/\/oasisfm935.com.ar\/site\/wp-content\/uploads\/2020\/08\/47806202-8741-49f2-a5c9-d2f930e5baa1-300x300.jpg 300w, https:\/\/oasisfm935.com.ar\/site\/wp-content\/uploads\/2020\/08\/47806202-8741-49f2-a5c9-d2f930e5baa1-1024x1024.jpg 1024w, https:\/\/oasisfm935.com.ar\/site\/wp-content\/uploads\/2020\/08\/47806202-8741-49f2-a5c9-d2f930e5baa1-150x150.jpg 150w, https:\/\/oasisfm935.com.ar\/site\/wp-content\/uploads\/2020\/08\/47806202-8741-49f2-a5c9-d2f930e5baa1-768x768.jpg 768w\" sizes=\"(max-width: 1080px) 100vw, 1080px\" class=\"no-lazyload\" width=\"1080\" height=\"1080\"  style=\"display: inline-block;\" \/><\/div>","protected":false},"excerpt":{"rendered":"<p>El jefe del Cuerpo de Bomberos de La Maruja Ricardo Gaiara dio detalles a\u00a0Zonal Noticias\u00a0del procedimiento realizado por bomberos y polic\u00edas en<\/p>\n","protected":false},"author":4,"featured_media":4736,"comment_status":"closed","ping_status":"open","sticky":false,"template":"","format":"standard","meta":{"colormag_page_layout":"default_layout","footnotes":""},"categories":[2],"tags":[],"class_list":["post-4735","post","type-post","status-publish","format-standard","has-post-thumbnail","hentry","category-noticias"],"_links":{"self":[{"href":"https:\/\/oasisfm935.com.ar\/site\/wp-json\/wp\/v2\/posts\/4735","targetHints":{"allow":["GET"]}}],"collection":[{"href":"https:\/\/oasisfm935.com.ar\/site\/wp-json\/wp\/v2\/posts"}],"about":[{"href":"https:\/\/oasisfm935.com.ar\/site\/wp-json\/wp\/v2\/types\/post"}],"author":[{"embeddable":true,"href":"https:\/\/oasisfm935.com.ar\/site\/wp-json\/wp\/v2\/users\/4"}],"replies":[{"embeddable":true,"href":"https:\/\/oasisfm935.com.ar\/site\/wp-json\/wp\/v2\/comments?post=4735"}],"version-history":[{"count":3,"href":"https:\/\/oasisfm935.com.ar\/site\/wp-json\/wp\/v2\/posts\/4735\/revisions"}],"predecessor-version":[{"id":4739,"href":"https:\/\/oasisfm935.com.ar\/site\/wp-json\/wp\/v2\/posts\/4735\/revisions\/4739"}],"wp:featuredmedia":[{"embeddable":true,"href":"https:\/\/oasisfm935.com.ar\/site\/wp-json\/wp\/v2\/media\/4736"}],"wp:attachment":[{"href":"https:\/\/oasisfm935.com.ar\/site\/wp-json\/wp\/v2\/media?parent=4735"}],"wp:term":[{"taxonomy":"category","embeddable":true,"href":"https:\/\/oasisfm935.com.ar\/site\/wp-json\/wp\/v2\/categories?post=4735"},{"taxonomy":"post_tag","embeddable":true,"href":"https:\/\/oasisfm935.com.ar\/site\/wp-json\/wp\/v2\/tags?post=4735"}],"curies":[{"name":"wp","href":"https:\/\/api.w.org\/{rel}","templated":true}]}}