{"id":4755,"date":"2020-05-22T19:07:36","date_gmt":"2020-05-22T22:07:36","guid":{"rendered":"http:\/\/oasisfm935.com\/site\/?p=4755"},"modified":"2020-05-22T19:32:48","modified_gmt":"2020-05-22T22:32:48","slug":"ingeniero-luiggi-el-jefe-del-cuerpo-de-bomberos-aclaro-que-bomberos-estan-exceptuados-de-la-cuarentena","status":"publish","type":"post","link":"https:\/\/oasisfm935.com.ar\/site\/ingeniero-luiggi-el-jefe-del-cuerpo-de-bomberos-aclaro-que-bomberos-estan-exceptuados-de-la-cuarentena\/","title":{"rendered":"Ingeniero Luiggi: El jefe del cuerpo de bomberos aclaro que bomberos est\u00e1n exceptuados de la cuarentena ."},"content":{"rendered":"<p>En comunicaci\u00f3n con Fm Oasis Juan Andres Cantelmi Jefe del cuerpo de Bomberos Voluntarios de la localidad se refiri\u00f3 a los 4 bomberos que viajaron a buscar una unidad a Buenos\u00a0 Aires .<\/p>\n<p>&nbsp;<\/p>\n<p>Quer\u00eda explicarte como es la situaci\u00f3n de los bomberos que viajaron a Buenos Aires, 4 voluntarios hicieron un viaje de ida y vuelta en un solo d\u00eda, eso fue para ir a buscar un\u00a0veh\u00edculo que ten\u00edamos equipado y que quedo atrapado por el tema de la pandemia, y no pod\u00edamos retirar.<\/p>\n<p>&nbsp;<\/p>\n<p>En un principio se hab\u00eda decidi\u00f3 no retirarlo hasta que se pudiera liberar todo, pero dada a la circunstancias durante el fin semana anterior donde una de la unidades tuve algunos problemas mec\u00e1nicos, decidimos ir a buscarla para poder cumplir con el servicio que damos siempre.<\/p>\n<p>&nbsp;<\/p>\n<p>El Jefe comento: Con respeto a los bomberos hay una\u00a0excepciones que esta en el primer DNU que firmo el Presidente de la Naci\u00f3n en el cual except\u00faa a las fuerzas de seguridad y otra fuerzas, bomberos incluida que quedan fuera del \u00e1mbito de la cuarentena, por el servicio que cumple para la comunidad .<\/p>\n<p>&nbsp;<\/p>\n<p>\u00abLo presentamos en el Centro de Operaciones de Emergencia ( COE)\u00a0quise hacer la cosas como correspond\u00edan y hallarlo con el COD primero para hacer lo lineamientos y tener las autorizaciones aparte de las ya ten\u00edamos tenes otras autorizaciones o visto bueno dada la necesitada que ten\u00edamos\u00bb. manifest\u00f3 Cantelmi<\/p>\n<p>&nbsp;<\/p>\n<p>El COE estuvo de acuerdo se hablo con la gente de Santa Rosa que esta encargada de repatriacion para poder tener\u00a0 las autorizaciones igualmente aunque\u00a0 que no las necesit\u00e1bamos con todas esas autorizaciones y los m\u00e9todos de profilaxis que amerita\u00a0el tema del viaje ellos lo fueron a buscar en un solo d\u00eda salieron a las 2 de la ma\u00f1ana y volvieron cerca de las\u00a0 00:00 de anoche .<\/p>\n<p>&nbsp;<\/p>\n<p>Voluntariamente los bomberos que viajaron decidieron hacer una cuarentena de 72 horas controlada por el Ministerio de Salud por una cuesti\u00f3n de seguridad o para dar Seguridad a la gente. A parte de dar los servicios que siempre dan los chicos no quieren hacer mal a nadie entonces de hecho decidieron estar por lo menos 3 d\u00edas estar controlado para hacer la cuarentena .<\/p>\n<p>&nbsp;<\/p>\n<p>Juan Andres Cantelmi cerro diciendo : \u00abQuiero volver\u00a0 aclarar ello tienen\u00a0excepci\u00f3n de lo que tiene que ver con servicios incluido servicios especiales\u00bb.<\/p>\n<div class=\"oasis-despues-del-contenido\" id=\"oasis-2536574501\"><img loading=\"lazy\" decoding=\"async\" src=\"https:\/\/oasisfm935.com.ar\/site\/wp-content\/uploads\/2020\/08\/47806202-8741-49f2-a5c9-d2f930e5baa1.jpg\" alt=\"\"  srcset=\"https:\/\/oasisfm935.com.ar\/site\/wp-content\/uploads\/2020\/08\/47806202-8741-49f2-a5c9-d2f930e5baa1.jpg 1080w, https:\/\/oasisfm935.com.ar\/site\/wp-content\/uploads\/2020\/08\/47806202-8741-49f2-a5c9-d2f930e5baa1-300x300.jpg 300w, https:\/\/oasisfm935.com.ar\/site\/wp-content\/uploads\/2020\/08\/47806202-8741-49f2-a5c9-d2f930e5baa1-1024x1024.jpg 1024w, https:\/\/oasisfm935.com.ar\/site\/wp-content\/uploads\/2020\/08\/47806202-8741-49f2-a5c9-d2f930e5baa1-150x150.jpg 150w, https:\/\/oasisfm935.com.ar\/site\/wp-content\/uploads\/2020\/08\/47806202-8741-49f2-a5c9-d2f930e5baa1-768x768.jpg 768w\" sizes=\"(max-width: 1080px) 100vw, 1080px\" class=\"no-lazyload\" width=\"1080\" height=\"1080\"  style=\"display: inline-block;\" \/><\/div>","protected":false},"excerpt":{"rendered":"<p>En comunicaci\u00f3n con Fm Oasis Juan Andres Cantelmi Jefe del cuerpo de Bomberos Voluntarios de la localidad se refiri\u00f3 a los 4<\/p>\n","protected":false},"author":4,"featured_media":4756,"comment_status":"closed","ping_status":"open","sticky":false,"template":"","format":"standard","meta":{"colormag_page_layout":"default_layout","footnotes":""},"categories":[2],"tags":[],"class_list":["post-4755","post","type-post","status-publish","format-standard","has-post-thumbnail","hentry","category-noticias"],"_links":{"self":[{"href":"https:\/\/oasisfm935.com.ar\/site\/wp-json\/wp\/v2\/posts\/4755","targetHints":{"allow":["GET"]}}],"collection":[{"href":"https:\/\/oasisfm935.com.ar\/site\/wp-json\/wp\/v2\/posts"}],"about":[{"href":"https:\/\/oasisfm935.com.ar\/site\/wp-json\/wp\/v2\/types\/post"}],"author":[{"embeddable":true,"href":"https:\/\/oasisfm935.com.ar\/site\/wp-json\/wp\/v2\/users\/4"}],"replies":[{"embeddable":true,"href":"https:\/\/oasisfm935.com.ar\/site\/wp-json\/wp\/v2\/comments?post=4755"}],"version-history":[{"count":10,"href":"https:\/\/oasisfm935.com.ar\/site\/wp-json\/wp\/v2\/posts\/4755\/revisions"}],"predecessor-version":[{"id":4766,"href":"https:\/\/oasisfm935.com.ar\/site\/wp-json\/wp\/v2\/posts\/4755\/revisions\/4766"}],"wp:featuredmedia":[{"embeddable":true,"href":"https:\/\/oasisfm935.com.ar\/site\/wp-json\/wp\/v2\/media\/4756"}],"wp:attachment":[{"href":"https:\/\/oasisfm935.com.ar\/site\/wp-json\/wp\/v2\/media?parent=4755"}],"wp:term":[{"taxonomy":"category","embeddable":true,"href":"https:\/\/oasisfm935.com.ar\/site\/wp-json\/wp\/v2\/categories?post=4755"},{"taxonomy":"post_tag","embeddable":true,"href":"https:\/\/oasisfm935.com.ar\/site\/wp-json\/wp\/v2\/tags?post=4755"}],"curies":[{"name":"wp","href":"https:\/\/api.w.org\/{rel}","templated":true}]}}