{"id":4780,"date":"2020-05-25T15:03:12","date_gmt":"2020-05-25T18:03:12","guid":{"rendered":"http:\/\/oasisfm935.com\/site\/?p=4780"},"modified":"2020-05-25T15:03:12","modified_gmt":"2020-05-25T18:03:12","slug":"la-escuela-76-martin-rodriguez-de-ing-luiggi-cumple-109-anos","status":"publish","type":"post","link":"https:\/\/oasisfm935.com.ar\/site\/la-escuela-76-martin-rodriguez-de-ing-luiggi-cumple-109-anos\/","title":{"rendered":"La Escuela 76 Mart\u00edn Rodr\u00edguez de Ing. Luiggi cumple 109 a\u00f1os"},"content":{"rendered":"<div class=\"itemIntroText\">\n<p><strong>99 a\u00f1os cumple el edificio actual, mientras que la instituci\u00f3n lleg\u00f3 a sus 109 a\u00f1os de vida.<\/strong><\/p>\n<\/div>\n<div class=\"itemFullText\">\n<blockquote><p>La directora de la escuela, Mar\u00eda Laura Zanoli, dialog\u00f3 con Zonal Noticias y FM Oasis quien dijo que \u201cla verdad que varias generaciones pasaron por la escuela. El d\u00eda 24 de mayo de 1922 queda inaugurado el edificio actual de la escuela, pero 11 a\u00f1os antes, el 25 de mayo de 1911 quedaban habilitadas las instalaciones de la Escuela 76 en un edificio que hab\u00eda alquilado el fundador del pueblo Antonio Devoto. Un d\u00eda despu\u00e9s, el 26 comienzan las actividades las clases con los alumnos que se presentan a clase unos 27 alumnos. Por eso el d\u00eda 25 de mayo en realidad es el cumplea\u00f1os de la escuela\u201d.<\/p><\/blockquote>\n<p>\u201cEn esta ocasi\u00f3n nos toca un cumplea\u00f1os especial, porque nuestra escuela, que ha visto pasar tantos ni\u00f1os esta solitaria, por esto que nos toca vivir.\u00a0Pero la escuela sigue bien, sigue trabajando con docentes muy comprometido que la verdad est\u00e1n poniendo todo su esfuerzo para que ning\u00fan alumno qued\u00e9 fuera de este proceso. Tambi\u00e9n con el acompa\u00f1amiento de los equipos de apoyo a la inclusi\u00f3n, c\u00f3mo est\u00e1 el servicio Educativo de Apoyo a la inclusi\u00f3n el asesoramiento, tambi\u00e9n de la se\u00f1ora y por supuesto el aporte valios\u00edsimo y el acompa\u00f1amiento de todas las familias en estas circunstancias que nos est\u00e1 tocando vivir y de los ni\u00f1os que la verdad que es para destacar, como est\u00e1n afrontando esta etapa y c\u00f3mo se han adaptado de a poco, como todos a este cambio obligatorio\u201d sostuvo la directora.<\/p>\n<p><strong>\u00abQuiero agradecer en este momento a la gente desarrollo social que est\u00e1 colaborando con la escuela en el reparto de las de los desayunos o meriendas para las familias que lo necesitan<\/strong>\u201d coment\u00f3.<\/p>\n<p><strong><img decoding=\"async\" src=\"https:\/\/www.zonalnoticias.com\/images\/escuela_76_2020_a.jpg\" alt=\"\" \/><\/strong><\/p>\n<blockquote><p>\u201cDestaco el trabajo compartido que realizamos con el equipo de gesti\u00f3n, mi compa\u00f1era Cristina Mercado, la secretaria Andrea Am\u00e9, que no solamente se afronta la labor del acompa\u00f1amiento pedag\u00f3gico, sino tambi\u00e9n cuestiones administrativas y todas las eventualidades que van surgiendo a diario. Seguir perteneciendo a esta escuela a la que transite en mi ni\u00f1ez, donde mi mam\u00e1 fue maestra fue vicedirectora, donde cumplieron algunos a\u00f1os de escolaridad mis hijos tambi\u00e9n cuando regresamos a Ingeniero Luiggi. La verdad que una satisfacci\u00f3n muy grande poder seguir siendo parte de esta instituci\u00f3n que es un valuarte inmenso en nuestra localidad\u201d cont\u00f3 emocionada la directiva.<\/p><\/blockquote>\n<p>\u201cEl d\u00eda martes comienzan sus actividades los porteros quienes lo har\u00e1n con horario reducido y siguiendo todas las medidas requisitos que establecen los protocolos de seguridad higiene y cuidado. Agradecerles especialmente a ellos, porque en condiciones normales facilitan la entrada a la escuela de todos los ni\u00f1os, la familia y personal docente conservan el oficio escolar en buenas condiciones y hoy es un buen momento para agradecerles\u201d manifest\u00f3 Mar\u00eda Laura.<\/p>\n<blockquote><p>\u201cAdem\u00e1s agradezco a la Asociaci\u00f3n Cooperadora que con el trabajo que realizan sus integrantes, a los que se suman los docentes que siempre colaboran con ella, se pueden obtener recursos y cubrir necesidades diarias. Esperamos siempre estar a la altura de las circunstancias, trabajando denodadamente para honrar a toda la gente que pas\u00f3 por sus aulas, a\u00a0 docente, directores, ni\u00f1os, porteros y seguir\u00e1 siendo grande estaba Escuela\u201d indic\u00f3 Zanoli.<\/p><\/blockquote>\n<p>\u201cAgradezco todos los saluditos que llegaron a la p\u00e1gina del gobierno el d\u00eda de ayer y a nuestro Facebook\u201d\u00a0 cerr\u00f3 la directora.<\/p>\n<\/div>\n<p>&nbsp;<\/p>\n<div class=\"oasis-despues-del-contenido\" id=\"oasis-1216202152\"><img loading=\"lazy\" decoding=\"async\" src=\"https:\/\/oasisfm935.com.ar\/site\/wp-content\/uploads\/2020\/08\/47806202-8741-49f2-a5c9-d2f930e5baa1.jpg\" alt=\"\"  srcset=\"https:\/\/oasisfm935.com.ar\/site\/wp-content\/uploads\/2020\/08\/47806202-8741-49f2-a5c9-d2f930e5baa1.jpg 1080w, https:\/\/oasisfm935.com.ar\/site\/wp-content\/uploads\/2020\/08\/47806202-8741-49f2-a5c9-d2f930e5baa1-300x300.jpg 300w, https:\/\/oasisfm935.com.ar\/site\/wp-content\/uploads\/2020\/08\/47806202-8741-49f2-a5c9-d2f930e5baa1-1024x1024.jpg 1024w, https:\/\/oasisfm935.com.ar\/site\/wp-content\/uploads\/2020\/08\/47806202-8741-49f2-a5c9-d2f930e5baa1-150x150.jpg 150w, https:\/\/oasisfm935.com.ar\/site\/wp-content\/uploads\/2020\/08\/47806202-8741-49f2-a5c9-d2f930e5baa1-768x768.jpg 768w\" sizes=\"(max-width: 1080px) 100vw, 1080px\" class=\"no-lazyload\" width=\"1080\" height=\"1080\"  style=\"display: inline-block;\" \/><\/div>","protected":false},"excerpt":{"rendered":"<p>99 a\u00f1os cumple el edificio actual, mientras que la instituci\u00f3n lleg\u00f3 a sus 109 a\u00f1os de vida. La directora de la escuela,<\/p>\n","protected":false},"author":4,"featured_media":4781,"comment_status":"closed","ping_status":"open","sticky":false,"template":"","format":"standard","meta":{"colormag_page_layout":"default_layout","footnotes":""},"categories":[2],"tags":[],"class_list":["post-4780","post","type-post","status-publish","format-standard","has-post-thumbnail","hentry","category-noticias"],"_links":{"self":[{"href":"https:\/\/oasisfm935.com.ar\/site\/wp-json\/wp\/v2\/posts\/4780","targetHints":{"allow":["GET"]}}],"collection":[{"href":"https:\/\/oasisfm935.com.ar\/site\/wp-json\/wp\/v2\/posts"}],"about":[{"href":"https:\/\/oasisfm935.com.ar\/site\/wp-json\/wp\/v2\/types\/post"}],"author":[{"embeddable":true,"href":"https:\/\/oasisfm935.com.ar\/site\/wp-json\/wp\/v2\/users\/4"}],"replies":[{"embeddable":true,"href":"https:\/\/oasisfm935.com.ar\/site\/wp-json\/wp\/v2\/comments?post=4780"}],"version-history":[{"count":1,"href":"https:\/\/oasisfm935.com.ar\/site\/wp-json\/wp\/v2\/posts\/4780\/revisions"}],"predecessor-version":[{"id":4782,"href":"https:\/\/oasisfm935.com.ar\/site\/wp-json\/wp\/v2\/posts\/4780\/revisions\/4782"}],"wp:featuredmedia":[{"embeddable":true,"href":"https:\/\/oasisfm935.com.ar\/site\/wp-json\/wp\/v2\/media\/4781"}],"wp:attachment":[{"href":"https:\/\/oasisfm935.com.ar\/site\/wp-json\/wp\/v2\/media?parent=4780"}],"wp:term":[{"taxonomy":"category","embeddable":true,"href":"https:\/\/oasisfm935.com.ar\/site\/wp-json\/wp\/v2\/categories?post=4780"},{"taxonomy":"post_tag","embeddable":true,"href":"https:\/\/oasisfm935.com.ar\/site\/wp-json\/wp\/v2\/tags?post=4780"}],"curies":[{"name":"wp","href":"https:\/\/api.w.org\/{rel}","templated":true}]}}