{"id":4783,"date":"2020-05-25T18:56:07","date_gmt":"2020-05-25T21:56:07","guid":{"rendered":"http:\/\/oasisfm935.com\/site\/?p=4783"},"modified":"2020-05-25T20:37:59","modified_gmt":"2020-05-25T23:37:59","slug":"ingeniero-luiggi-patricia-lavin-festejamos-un-25-de-mayo-distinto","status":"publish","type":"post","link":"https:\/\/oasisfm935.com.ar\/site\/ingeniero-luiggi-patricia-lavin-festejamos-un-25-de-mayo-distinto\/","title":{"rendered":"Ingeniero Luiggi: Patricia Lavin \u00abfestejamos un 25 de Mayo distinto\u00bb."},"content":{"rendered":"<p>Esta ma\u00f1ana se realiz\u00f3 en la plaza \u00a0Plaza Manuel Belgrano el izamiento de la bandera celeste y blanca en conmemoraci\u00f3n de un nuevo Aniversario de La Revoluci\u00f3n Patria.<\/p>\n<p>En comunicaci\u00f3n con Fm Oasis Patricia Lavin manifest\u00f3: La verdad que nos tenemos que adaptar al contexto, a la circunstancias a pesar del aislamiento de estar transitando esta pandemia y debiendo de respetar las indicaciones que se nos dan, de no generar concentraci\u00f3n de gente, lo hicimos con la presencia de concejales representando los distintos Bloques, la Jueza de Paz, el comisario y as\u00ed fue como acompa\u00f1amos a nuestra Bandera. Para que este izada en esta fecha que es tan sentida para todos los Argentinos porque se conmemora los\u00a0 210 a\u00f1os de esa gesta donde se crea el primer Gobierno Patrio .<\/p>\n<p>Lav\u00edn nos comenta:\u00a0 En forma simultanea hicimos un toque conmemorativo sum\u00e1ndose a esto Bombero Voluntarios y las tres radio de Ingeniero Luiggi se sumaron con el Himno Nacional Argentino , as\u00ed que\u00a0 es una forma distinta de conmemorar esta fecha Patria .<\/p>\n<p>https:\/\/www.facebook.com\/gobiernodeluiggi\/videos\/650452775799173\/<\/p>\n<p>Continuando con el programa virtual a las 12 del medio d\u00eda subimos a la pagina un tutorial como se hacer tortas fritas que nos identifican tanto y que en cada fecha tenemos las tradicionales torta fritas, en esta oportunidad Ram\u00f3n Aranguren nos abri\u00f3 las puertas de su panader\u00eda para ense\u00f1arnos hacer unas torta fritas, que la verdad estaban muy ricas , porque el d\u00eda que hicimos el v\u00eddeo nos regalo una bandeja grande de torta fritas y las pudimos disfrutar en la Municipalidad.<\/p>\n<p>https:\/\/www.facebook.com\/gobiernodeluiggi\/videos\/912565062503596\/<\/p>\n<p>Lav\u00edn manifest\u00f3: Tambi\u00e9n agradecemos a Natalia P\u00e9rez que nos ense\u00f1o hacer pastelitos que tambi\u00e9n son muy tradicionales.<\/p>\n<p>https:\/\/www.facebook.com\/gobiernodeluiggi\/videos\/2971580932930413\/<\/p>\n<p>Gracias a Joaquin Chavarino que tambi\u00e9n participo con una payada festiva sum\u00e1ndose a esta fecha Patria, la verdad que es una fecha muy sentida pero tambi\u00e9n el contesto hace que sea muy distinta a lo fueron a lo largo de todos estos a\u00f1os como se conmemoro este 25 de Mayo donde se crea nuestro primer Gobierno Patrio .<\/p>\n<p>https:\/\/www.facebook.com\/gobiernodeluiggi\/videos\/878569195982780\/<\/p>\n<p>Agradezco a Fm Oasis por sumarse a esta iniciativa.<\/p>\n<p>&nbsp;<\/p>\n<p>&nbsp;<\/p>\n<div class=\"oasis-despues-del-contenido\" id=\"oasis-4253499078\"><img loading=\"lazy\" decoding=\"async\" src=\"https:\/\/oasisfm935.com.ar\/site\/wp-content\/uploads\/2020\/08\/47806202-8741-49f2-a5c9-d2f930e5baa1.jpg\" alt=\"\"  srcset=\"https:\/\/oasisfm935.com.ar\/site\/wp-content\/uploads\/2020\/08\/47806202-8741-49f2-a5c9-d2f930e5baa1.jpg 1080w, https:\/\/oasisfm935.com.ar\/site\/wp-content\/uploads\/2020\/08\/47806202-8741-49f2-a5c9-d2f930e5baa1-300x300.jpg 300w, https:\/\/oasisfm935.com.ar\/site\/wp-content\/uploads\/2020\/08\/47806202-8741-49f2-a5c9-d2f930e5baa1-1024x1024.jpg 1024w, https:\/\/oasisfm935.com.ar\/site\/wp-content\/uploads\/2020\/08\/47806202-8741-49f2-a5c9-d2f930e5baa1-150x150.jpg 150w, https:\/\/oasisfm935.com.ar\/site\/wp-content\/uploads\/2020\/08\/47806202-8741-49f2-a5c9-d2f930e5baa1-768x768.jpg 768w\" sizes=\"(max-width: 1080px) 100vw, 1080px\" class=\"no-lazyload\" width=\"1080\" height=\"1080\"  style=\"display: inline-block;\" \/><\/div>","protected":false},"excerpt":{"rendered":"<p>Esta ma\u00f1ana se realiz\u00f3 en la plaza \u00a0Plaza Manuel Belgrano el izamiento de la bandera celeste y blanca en conmemoraci\u00f3n de un<\/p>\n","protected":false},"author":4,"featured_media":4784,"comment_status":"closed","ping_status":"open","sticky":false,"template":"","format":"standard","meta":{"colormag_page_layout":"default_layout","footnotes":""},"categories":[2],"tags":[],"class_list":["post-4783","post","type-post","status-publish","format-standard","has-post-thumbnail","hentry","category-noticias"],"_links":{"self":[{"href":"https:\/\/oasisfm935.com.ar\/site\/wp-json\/wp\/v2\/posts\/4783","targetHints":{"allow":["GET"]}}],"collection":[{"href":"https:\/\/oasisfm935.com.ar\/site\/wp-json\/wp\/v2\/posts"}],"about":[{"href":"https:\/\/oasisfm935.com.ar\/site\/wp-json\/wp\/v2\/types\/post"}],"author":[{"embeddable":true,"href":"https:\/\/oasisfm935.com.ar\/site\/wp-json\/wp\/v2\/users\/4"}],"replies":[{"embeddable":true,"href":"https:\/\/oasisfm935.com.ar\/site\/wp-json\/wp\/v2\/comments?post=4783"}],"version-history":[{"count":5,"href":"https:\/\/oasisfm935.com.ar\/site\/wp-json\/wp\/v2\/posts\/4783\/revisions"}],"predecessor-version":[{"id":4789,"href":"https:\/\/oasisfm935.com.ar\/site\/wp-json\/wp\/v2\/posts\/4783\/revisions\/4789"}],"wp:featuredmedia":[{"embeddable":true,"href":"https:\/\/oasisfm935.com.ar\/site\/wp-json\/wp\/v2\/media\/4784"}],"wp:attachment":[{"href":"https:\/\/oasisfm935.com.ar\/site\/wp-json\/wp\/v2\/media?parent=4783"}],"wp:term":[{"taxonomy":"category","embeddable":true,"href":"https:\/\/oasisfm935.com.ar\/site\/wp-json\/wp\/v2\/categories?post=4783"},{"taxonomy":"post_tag","embeddable":true,"href":"https:\/\/oasisfm935.com.ar\/site\/wp-json\/wp\/v2\/tags?post=4783"}],"curies":[{"name":"wp","href":"https:\/\/api.w.org\/{rel}","templated":true}]}}