{"id":4791,"date":"2020-05-26T09:11:31","date_gmt":"2020-05-26T12:11:31","guid":{"rendered":"http:\/\/oasisfm935.com\/site\/?p=4791"},"modified":"2020-05-26T09:11:31","modified_gmt":"2020-05-26T12:11:31","slug":"cuarentena-la-pampa-cerro-este-martes-siete-puestos-camineros","status":"publish","type":"post","link":"https:\/\/oasisfm935.com.ar\/site\/cuarentena-la-pampa-cerro-este-martes-siete-puestos-camineros\/","title":{"rendered":"Cuarentena: La Pampa cerr\u00f3 este martes siete puestos camineros"},"content":{"rendered":"<p>El Gobierno provincial, tal como hab\u00eda anunciado, cerr\u00f3 a las 0 horas de este martes<strong>\u00a07 de sus 17 puestos camioneros de la Polic\u00eda<\/strong>, con el fin de mejorar los controles de ingresos de las personas y se pueda mantener el estatus sanitario sin nuevos casos positivos de coronavirus Covid-19. De esta manera, quedaron operativos solo 10.<\/p>\n<p><strong>\u201cVamos a tener m\u00e1s eficiencia\u201d<\/strong>, dijo el gobernador Sergio Ziliotto, en conferencia de prensa, cuando anunci\u00f3 la medida.\u00a0<strong>\u201cVamos a mejorar el control porque sabemos que el virus est\u00e1 afuera de la provincia\u201d<\/strong>, sostuvo.<\/p>\n<p>Ahora quedaron abiertos los puestos de\u00a0<strong>Santa Isabel<\/strong>, que comunica con Mendoza; de\u00a0<strong>Chamaic\u00f3<\/strong>, conectado a San Luis; y de\u00a0<strong>Realic\u00f3<\/strong>, con C\u00f3rdoba.<\/p>\n<p>En tanto, con Buenos Aires se mantiene la comunicaci\u00f3n terrestre a trav\u00e9s de los puestos camineros de\u00a0<strong>Fort\u00edn Pampa, Catril\u00f3, Rol\u00f3n\u00a0<\/strong>y\u00a0<strong>Arauz<\/strong>.<\/p>\n<p>A su vez, con la provincia de R\u00edo Negro quedaron habilitados los pasos de\u00a0<strong>La Adela, Casa de Piedra\u00a0<\/strong>y<strong>\u00a025 de Mayo<\/strong>.<\/p>\n<p><img decoding=\"async\" src=\"http:\/\/diariotextual.com\/inicio\/wp-content\/uploads\/2020\/05\/IMG-20200526-WA0006-1024x768.jpg\" \/><\/p>\n<div class=\"oasis-despues-del-contenido\" id=\"oasis-542833614\"><img loading=\"lazy\" decoding=\"async\" src=\"https:\/\/oasisfm935.com.ar\/site\/wp-content\/uploads\/2020\/08\/47806202-8741-49f2-a5c9-d2f930e5baa1.jpg\" alt=\"\"  srcset=\"https:\/\/oasisfm935.com.ar\/site\/wp-content\/uploads\/2020\/08\/47806202-8741-49f2-a5c9-d2f930e5baa1.jpg 1080w, https:\/\/oasisfm935.com.ar\/site\/wp-content\/uploads\/2020\/08\/47806202-8741-49f2-a5c9-d2f930e5baa1-300x300.jpg 300w, https:\/\/oasisfm935.com.ar\/site\/wp-content\/uploads\/2020\/08\/47806202-8741-49f2-a5c9-d2f930e5baa1-1024x1024.jpg 1024w, https:\/\/oasisfm935.com.ar\/site\/wp-content\/uploads\/2020\/08\/47806202-8741-49f2-a5c9-d2f930e5baa1-150x150.jpg 150w, https:\/\/oasisfm935.com.ar\/site\/wp-content\/uploads\/2020\/08\/47806202-8741-49f2-a5c9-d2f930e5baa1-768x768.jpg 768w\" sizes=\"(max-width: 1080px) 100vw, 1080px\" class=\"no-lazyload\" width=\"1080\" height=\"1080\"  style=\"display: inline-block;\" \/><\/div>","protected":false},"excerpt":{"rendered":"<p>El Gobierno provincial, tal como hab\u00eda anunciado, cerr\u00f3 a las 0 horas de este martes\u00a07 de sus 17 puestos camioneros de la<\/p>\n","protected":false},"author":4,"featured_media":4792,"comment_status":"closed","ping_status":"open","sticky":false,"template":"","format":"standard","meta":{"colormag_page_layout":"default_layout","footnotes":""},"categories":[2],"tags":[],"class_list":["post-4791","post","type-post","status-publish","format-standard","has-post-thumbnail","hentry","category-noticias"],"_links":{"self":[{"href":"https:\/\/oasisfm935.com.ar\/site\/wp-json\/wp\/v2\/posts\/4791","targetHints":{"allow":["GET"]}}],"collection":[{"href":"https:\/\/oasisfm935.com.ar\/site\/wp-json\/wp\/v2\/posts"}],"about":[{"href":"https:\/\/oasisfm935.com.ar\/site\/wp-json\/wp\/v2\/types\/post"}],"author":[{"embeddable":true,"href":"https:\/\/oasisfm935.com.ar\/site\/wp-json\/wp\/v2\/users\/4"}],"replies":[{"embeddable":true,"href":"https:\/\/oasisfm935.com.ar\/site\/wp-json\/wp\/v2\/comments?post=4791"}],"version-history":[{"count":1,"href":"https:\/\/oasisfm935.com.ar\/site\/wp-json\/wp\/v2\/posts\/4791\/revisions"}],"predecessor-version":[{"id":4793,"href":"https:\/\/oasisfm935.com.ar\/site\/wp-json\/wp\/v2\/posts\/4791\/revisions\/4793"}],"wp:featuredmedia":[{"embeddable":true,"href":"https:\/\/oasisfm935.com.ar\/site\/wp-json\/wp\/v2\/media\/4792"}],"wp:attachment":[{"href":"https:\/\/oasisfm935.com.ar\/site\/wp-json\/wp\/v2\/media?parent=4791"}],"wp:term":[{"taxonomy":"category","embeddable":true,"href":"https:\/\/oasisfm935.com.ar\/site\/wp-json\/wp\/v2\/categories?post=4791"},{"taxonomy":"post_tag","embeddable":true,"href":"https:\/\/oasisfm935.com.ar\/site\/wp-json\/wp\/v2\/tags?post=4791"}],"curies":[{"name":"wp","href":"https:\/\/api.w.org\/{rel}","templated":true}]}}