{"id":4804,"date":"2020-05-26T13:11:39","date_gmt":"2020-05-26T16:11:39","guid":{"rendered":"http:\/\/oasisfm935.com\/site\/?p=4804"},"modified":"2020-05-26T13:11:39","modified_gmt":"2020-05-26T16:11:39","slug":"provincia-invierte-425-millones-de-pesos-en-un-tramo-de-la-ruta-4","status":"publish","type":"post","link":"https:\/\/oasisfm935.com.ar\/site\/provincia-invierte-425-millones-de-pesos-en-un-tramo-de-la-ruta-4\/","title":{"rendered":"Provincia invierte 425 millones de pesos en un tramo de la Ruta 4"},"content":{"rendered":"<p class=\"lead nota-detalle-bajada\">El gobernador Sergio Ziliotto encabez\u00f3 la apertura de sobres de la licitaci\u00f3n para hacer trabajos de refuerzo y repavimentaci\u00f3n en el tramo de la Ruta Provincial N\u00b0 4 entre la Nacional 35 y el acceso a Caleuf\u00fa. Los intendentes de Caleuf\u00fa y Arata valoraron que la obra p\u00fablica avance a pesar de la pandemia y se\u00f1alaron que \u201cmientras duren los trabajos motorizar\u00e1n la econom\u00eda en nuestras localidades\u201d.<\/p>\n<div class=\"nota-detalle-cuerpo\">El acto se realiz\u00f3 en Vialidad Provincial\u00a0 y estuvieron presentes junto al gobernador, el titular de Obras P\u00fablicas, Juan Ram\u00f3n Garay; \u00a0el Presidente de Vialidad Provincial, Rodrigo Cadenas, adem\u00e1s de los intendentes Oscar Baras de Caleuf\u00fa y Jorge Sosa de Arata.<\/div>\n<div><\/div>\n<div class=\"nota-detalle-cuerpo\"><img decoding=\"async\" src=\"https:\/\/apn.lapampa.gob.ar\/images\/multimedia\/772899_dsc_8239.jpg\" \/><br \/>\nLa obra tiene una extensi\u00f3n de 28 kil\u00f3metros, de los cuales 22 se har\u00e1n con asfalto modificado que es una tecnolog\u00eda nueva para la provincia y los 6 kil\u00f3metros restantes con microaglomerado en frio.<br \/>\nEl titular de vialidad detall\u00f3 que previamente a la aplicaci\u00f3n del asfalto se realizar\u00e1 el refuerzo de la calzada, que \u201cconsiste en sacar el material viejo y reforzar con 20 cent\u00edmetros de base, lo que corrige las ondulaciones de la calzada mejorando la seguridad y\u00a0 el confort de la ruta\u201d.<\/div>\n<div><\/div>\n<div class=\"nota-detalle-cuerpo\"><img decoding=\"async\" src=\"https:\/\/apn.lapampa.gob.ar\/images\/multimedia\/864213_dsc_8244.jpg\" alt=\" - \" \/><\/div>\n<div class=\"nota-detalle-cuerpo\">\nLos trabajos incluyen dos accesos en la localidad de Arata y la intersecci\u00f3n con la Ruta 9, adem\u00e1s de la extracci\u00f3n de los bosques de olmos que se encuentran en las banquinas<br \/>\nMovilizar las econom\u00edas locales<\/div>\n<div class=\"nota-detalle-cuerpo\">\nLos jefes comunales de Caleuf\u00fa y Arata expresaron su satisfacci\u00f3n por las obras licitadas que \u201chan sido largamente esperadas y comienzan a concretarse en estos momentos tan dif\u00edciles que se viven, no solo en la provincia sino en\u00a0 el pa\u00eds y el mundo\u201d.<\/div>\n<div class=\"nota-detalle-cuerpo\">\nEn este sentido, Oscar Baras, enfatiz\u00f3 que \u201cel Gobierno de la \u00a0Provincia haya puesto el esfuerzo presupuestario en esta ruta nos pone muy felices, sobre todo porque\u00a0 sabemos que esta obra, que durar\u00e1 un a\u00f1o y medio, movilizar\u00e1 las econom\u00edas locales\u201d.<br \/>\nEn tanto Jorge Sosa precis\u00f3 que para \u201cArata es muy importante esta obra porque contempla la colectora de ingreso donde se ubica la estaci\u00f3n de servicio que estamos construyendo\u201d y no dudo en se\u00f1alar que mientras \u201clos trabajos se est\u00e9n ejecutando impactar\u00e1n en la econom\u00eda de nuestra localidad\u201d.<\/div>\n<div class=\"oasis-despues-del-contenido\" id=\"oasis-3375391125\"><img loading=\"lazy\" decoding=\"async\" src=\"https:\/\/oasisfm935.com.ar\/site\/wp-content\/uploads\/2020\/08\/47806202-8741-49f2-a5c9-d2f930e5baa1.jpg\" alt=\"\"  srcset=\"https:\/\/oasisfm935.com.ar\/site\/wp-content\/uploads\/2020\/08\/47806202-8741-49f2-a5c9-d2f930e5baa1.jpg 1080w, https:\/\/oasisfm935.com.ar\/site\/wp-content\/uploads\/2020\/08\/47806202-8741-49f2-a5c9-d2f930e5baa1-300x300.jpg 300w, https:\/\/oasisfm935.com.ar\/site\/wp-content\/uploads\/2020\/08\/47806202-8741-49f2-a5c9-d2f930e5baa1-1024x1024.jpg 1024w, https:\/\/oasisfm935.com.ar\/site\/wp-content\/uploads\/2020\/08\/47806202-8741-49f2-a5c9-d2f930e5baa1-150x150.jpg 150w, https:\/\/oasisfm935.com.ar\/site\/wp-content\/uploads\/2020\/08\/47806202-8741-49f2-a5c9-d2f930e5baa1-768x768.jpg 768w\" sizes=\"(max-width: 1080px) 100vw, 1080px\" class=\"no-lazyload\" width=\"1080\" height=\"1080\"  style=\"display: inline-block;\" \/><\/div>","protected":false},"excerpt":{"rendered":"<p>El gobernador Sergio Ziliotto encabez\u00f3 la apertura de sobres de la licitaci\u00f3n para hacer trabajos de refuerzo y repavimentaci\u00f3n en el tramo<\/p>\n","protected":false},"author":4,"featured_media":4805,"comment_status":"closed","ping_status":"open","sticky":false,"template":"","format":"standard","meta":{"colormag_page_layout":"default_layout","footnotes":""},"categories":[2],"tags":[],"class_list":["post-4804","post","type-post","status-publish","format-standard","has-post-thumbnail","hentry","category-noticias"],"_links":{"self":[{"href":"https:\/\/oasisfm935.com.ar\/site\/wp-json\/wp\/v2\/posts\/4804","targetHints":{"allow":["GET"]}}],"collection":[{"href":"https:\/\/oasisfm935.com.ar\/site\/wp-json\/wp\/v2\/posts"}],"about":[{"href":"https:\/\/oasisfm935.com.ar\/site\/wp-json\/wp\/v2\/types\/post"}],"author":[{"embeddable":true,"href":"https:\/\/oasisfm935.com.ar\/site\/wp-json\/wp\/v2\/users\/4"}],"replies":[{"embeddable":true,"href":"https:\/\/oasisfm935.com.ar\/site\/wp-json\/wp\/v2\/comments?post=4804"}],"version-history":[{"count":1,"href":"https:\/\/oasisfm935.com.ar\/site\/wp-json\/wp\/v2\/posts\/4804\/revisions"}],"predecessor-version":[{"id":4806,"href":"https:\/\/oasisfm935.com.ar\/site\/wp-json\/wp\/v2\/posts\/4804\/revisions\/4806"}],"wp:featuredmedia":[{"embeddable":true,"href":"https:\/\/oasisfm935.com.ar\/site\/wp-json\/wp\/v2\/media\/4805"}],"wp:attachment":[{"href":"https:\/\/oasisfm935.com.ar\/site\/wp-json\/wp\/v2\/media?parent=4804"}],"wp:term":[{"taxonomy":"category","embeddable":true,"href":"https:\/\/oasisfm935.com.ar\/site\/wp-json\/wp\/v2\/categories?post=4804"},{"taxonomy":"post_tag","embeddable":true,"href":"https:\/\/oasisfm935.com.ar\/site\/wp-json\/wp\/v2\/tags?post=4804"}],"curies":[{"name":"wp","href":"https:\/\/api.w.org\/{rel}","templated":true}]}}