{"id":4807,"date":"2020-05-26T17:56:34","date_gmt":"2020-05-26T20:56:34","guid":{"rendered":"http:\/\/oasisfm935.com\/site\/?p=4807"},"modified":"2020-05-26T18:13:55","modified_gmt":"2020-05-26T21:13:55","slug":"ziliotto-oficializo-que-el-proximo-paso-es-la-apertura-de-restaurantes-bares-confiterias-y-gimnasios","status":"publish","type":"post","link":"https:\/\/oasisfm935.com.ar\/site\/ziliotto-oficializo-que-el-proximo-paso-es-la-apertura-de-restaurantes-bares-confiterias-y-gimnasios\/","title":{"rendered":"Ziliotto oficializ\u00f3 que el pr\u00f3ximo paso es la apertura de restaurantes, bares, confiter\u00edas y gimnasios"},"content":{"rendered":"<header id=\"header\" class=\"header-header-5 has-bottom-line\">\n<div id=\"navigation-sticky-wrapper\" class=\"sticky-wrapper is-sticky\">\n<nav id=\"navigation\" class=\"header-layout-bottom menu-style-1 header-5\">\n<div class=\"container\">\n<div id=\"top-search\"><\/div>\n<\/div>\n<\/nav>\n<\/div>\n<\/header>\n<div class=\"container container-single penci_sidebar right-sidebar penci-enable-lightbox\">\n<div id=\"main\">\n<div class=\"theiaStickySidebar\">\n<article id=\"post-95023\" class=\"post-95023 post type-post status-publish format-standard has-post-thumbnail hentry category-es-noticia category-portada category-sociedad tag-bares tag-gimnasios\">\n<div class=\"post-entry blockquote-style-1\">\n<div class=\"inner-post-entry\">\n<p>El gobernador\u00a0<strong>Sergio Ziliotto<\/strong>\u00a0oficializ\u00f3 este martes que se viene una nueva flexibilizaci\u00f3n de la cuarentena: anunci\u00f3 que propuso a los intendentes de todas las localidades comenzar a trabajar juntos la implementaci\u00f3n del operativo de apertura y control de\u00a0<strong>restaurantes, bares, confiter\u00edas y gimnasios<\/strong>\u00a0en La Pampa. A\u00fan no hay fecha.<\/p>\n<p>\u00abComo en el resto de las actividades que se han ido habilitando, tanto sociales como econ\u00f3micas, el proceso prev\u00e9 el acuerdo entre el Gobierno Provincial y los municipios, para posteriormente solicitar la autorizaci\u00f3n final el Gobierno Nacional\u00bb, comunic\u00f3 Casa de Gobierno, en una nota.<\/p>\n<div class=\"g g-2\">\n<div class=\"g-single a-8\">\n<p>&nbsp;<\/p>\n<\/div>\n<\/div>\n<p>La iniciativa del mandatario provincial, se inform\u00f3, se enmarca en el dise\u00f1o de una estrategia que posibilite ir ampliando la cuarentena focalizada hasta la apertura total, sin que la sociedad pampeana sufra contagios y p\u00e9rdidas de vidas.<\/p>\n<p>La videoconferencia fue coordinada desde el Sal\u00f3n de Acuerdos de Casa de Gobierno, donde el gobernador estuvo acompa\u00f1ado por funcionarios de distintas \u00e1reas, en tanto que los intendentes participaron v\u00eda zoom desde sus localidades.<\/p>\n<p>En principio Ziliotto hizo un repaso de cu\u00e1l es la situaci\u00f3n epidemiol\u00f3gica de la provincia y detall\u00f3 brevemente c\u00f3mo ha sido el proceso de apertura de las distintas actividades sociales y econ\u00f3micas. Seg\u00fan dijo, siempre con \u00abla premisa de poner la salud y la vida de los pampeanos por sobre cualquier otro valor, pero sin perder de vista la necesidad de reiniciar las actividades econ\u00f3micas\u00bb en La Pampa.<\/p>\n<p>Explic\u00f3 que hasta el momento se han tomado decisiones en forma progresiva, acordadas con los intendentes y avaladas por el Comit\u00e9 de Crisis de La Pampa.<\/p>\n<p>\u00abEn todos los casos en que se han habilitado nuevas actividades se hecho en funci\u00f3n de la apertura nacional o bien de las autorizaciones emitidas por el Gobierno Nacional ante pedidos provinciales\u00bb, dijo.<\/p>\n<p><strong>En el caso de la apertura de restaurantes, bares, confiter\u00edas y gimnasios no diferir\u00e1 la metodolog\u00eda, asegur\u00f3<\/strong>. El Gobierno provincial y los municipios acordar\u00e1n pautas de cumplimiento obligatorio y sugerencias de responsabilidad social y posteriormente se elevar\u00e1 el pedido de autorizaci\u00f3n al Poder Ejecutivo Nacional\u00a0 para su habilitaci\u00f3n.<\/p>\n<p>&nbsp;<\/p>\n<\/div>\n<\/div>\n<\/article>\n<\/div>\n<\/div>\n<\/div>\n<div class=\"oasis-despues-del-contenido\" id=\"oasis-3245364029\"><img loading=\"lazy\" decoding=\"async\" src=\"https:\/\/oasisfm935.com.ar\/site\/wp-content\/uploads\/2020\/08\/47806202-8741-49f2-a5c9-d2f930e5baa1.jpg\" alt=\"\"  srcset=\"https:\/\/oasisfm935.com.ar\/site\/wp-content\/uploads\/2020\/08\/47806202-8741-49f2-a5c9-d2f930e5baa1.jpg 1080w, https:\/\/oasisfm935.com.ar\/site\/wp-content\/uploads\/2020\/08\/47806202-8741-49f2-a5c9-d2f930e5baa1-300x300.jpg 300w, https:\/\/oasisfm935.com.ar\/site\/wp-content\/uploads\/2020\/08\/47806202-8741-49f2-a5c9-d2f930e5baa1-1024x1024.jpg 1024w, https:\/\/oasisfm935.com.ar\/site\/wp-content\/uploads\/2020\/08\/47806202-8741-49f2-a5c9-d2f930e5baa1-150x150.jpg 150w, https:\/\/oasisfm935.com.ar\/site\/wp-content\/uploads\/2020\/08\/47806202-8741-49f2-a5c9-d2f930e5baa1-768x768.jpg 768w\" sizes=\"(max-width: 1080px) 100vw, 1080px\" class=\"no-lazyload\" width=\"1080\" height=\"1080\"  style=\"display: inline-block;\" \/><\/div>","protected":false},"excerpt":{"rendered":"<p>El gobernador\u00a0Sergio Ziliotto\u00a0oficializ\u00f3 este martes que se viene una nueva flexibilizaci\u00f3n de la cuarentena: anunci\u00f3 que propuso a los intendentes de todas<\/p>\n","protected":false},"author":4,"featured_media":4808,"comment_status":"closed","ping_status":"open","sticky":false,"template":"","format":"standard","meta":{"colormag_page_layout":"default_layout","footnotes":""},"categories":[2],"tags":[],"class_list":["post-4807","post","type-post","status-publish","format-standard","has-post-thumbnail","hentry","category-noticias"],"_links":{"self":[{"href":"https:\/\/oasisfm935.com.ar\/site\/wp-json\/wp\/v2\/posts\/4807","targetHints":{"allow":["GET"]}}],"collection":[{"href":"https:\/\/oasisfm935.com.ar\/site\/wp-json\/wp\/v2\/posts"}],"about":[{"href":"https:\/\/oasisfm935.com.ar\/site\/wp-json\/wp\/v2\/types\/post"}],"author":[{"embeddable":true,"href":"https:\/\/oasisfm935.com.ar\/site\/wp-json\/wp\/v2\/users\/4"}],"replies":[{"embeddable":true,"href":"https:\/\/oasisfm935.com.ar\/site\/wp-json\/wp\/v2\/comments?post=4807"}],"version-history":[{"count":2,"href":"https:\/\/oasisfm935.com.ar\/site\/wp-json\/wp\/v2\/posts\/4807\/revisions"}],"predecessor-version":[{"id":4810,"href":"https:\/\/oasisfm935.com.ar\/site\/wp-json\/wp\/v2\/posts\/4807\/revisions\/4810"}],"wp:featuredmedia":[{"embeddable":true,"href":"https:\/\/oasisfm935.com.ar\/site\/wp-json\/wp\/v2\/media\/4808"}],"wp:attachment":[{"href":"https:\/\/oasisfm935.com.ar\/site\/wp-json\/wp\/v2\/media?parent=4807"}],"wp:term":[{"taxonomy":"category","embeddable":true,"href":"https:\/\/oasisfm935.com.ar\/site\/wp-json\/wp\/v2\/categories?post=4807"},{"taxonomy":"post_tag","embeddable":true,"href":"https:\/\/oasisfm935.com.ar\/site\/wp-json\/wp\/v2\/tags?post=4807"}],"curies":[{"name":"wp","href":"https:\/\/api.w.org\/{rel}","templated":true}]}}