{"id":4811,"date":"2020-05-26T20:55:23","date_gmt":"2020-05-26T23:55:23","guid":{"rendered":"http:\/\/oasisfm935.com\/site\/?p=4811"},"modified":"2020-05-26T21:18:51","modified_gmt":"2020-05-27T00:18:51","slug":"covid-19-la-pampa-sin-casos-positivos-y-continua-con-la-busqueda-activa-del-virus-en-grupos-especificos","status":"publish","type":"post","link":"https:\/\/oasisfm935.com.ar\/site\/covid-19-la-pampa-sin-casos-positivos-y-continua-con-la-busqueda-activa-del-virus-en-grupos-especificos\/","title":{"rendered":"COVID-19: La Pampa sin casos positivos, y contin\u00faa con la \u201cb\u00fasqueda activa del virus\u201d en grupos espec\u00edficos"},"content":{"rendered":"<div class=\"letracopetenota\">Sin casos positivos de coronavirus COVID-19, en la actualidad son 975 las personas contin\u00faan siendo monitoreadas.<\/div>\n<div class=\"letranota text-justify padt15\">\n<p>La Direcci\u00f3n de Epidemiolog\u00eda del Ministerio de Salud de La Pampa dio cuenta de la estad\u00edstica diaria, que confirma el mismo estatus provincial respecto a la ausencia de casos positivos. La provincia se mantiene en etapa de contenci\u00f3n, por lo que las autoridades contin\u00faan con las medidas intensivas para reducir la circulaci\u00f3n del virus y disminuir su transmisi\u00f3n.<\/p>\n<p>Hasta hoy, La Pampa tiene 184 casos notificados de los cuales 179 descartaron. El Ministerio de Salud contin\u00faa con la implementaci\u00f3n de un protocolo de \u201cB\u00fasqueda activa de casos de COVID-19 en grupos espec\u00edficos\u201d, iniciada d\u00edas atr\u00e1s en la localidad de General Campos.<\/p>\n<p>La misma se aplic\u00f3 sobre transportistas de la localidad que regresaban a sus hogares provenientes, fundamentalmente, de zonas definidas como de transmisi\u00f3n viral teniendo en cuenta el mayor riesgo de exposici\u00f3n al que se ven sometidos por su actividad.<\/p>\n<p>La acci\u00f3n tiene como objetivos el monitoreo de la situaci\u00f3n epidemiol\u00f3gica de la pandemia en la Provincia y la captaci\u00f3n temprana de casos positivos para implementar las medidas correspondientes para disminuir los riesgos de transmisi\u00f3n en La Pampa.<\/p>\n<p>La Direcci\u00f3n de Epidemiolog\u00eda realiza el monitoreo de viajeros con indicaci\u00f3n de aislamiento estricto, al d\u00eda de la fecha se registraron 3.540 personas con antecedente de viaje, de las cuales 975 contin\u00faan siendo monitoreadas.<\/p>\n<p>Ante la presencia de s\u00edntomas y epidemiolog\u00eda compatibles con la definici\u00f3n de caso sospechoso, se insta a la poblaci\u00f3n a que haga un contacto telef\u00f3nico (0800 333 1135) de inmediato con el sistema de Salud, refiera el antecedente y evite el contacto social. Para m\u00e1s informaci\u00f3n sobre informaci\u00f3n y protocolos visitar\u00a0<a href=\"https:\/\/www.salud.lapampa.gov.ar\/Coronavirus.asp\" target=\"_blank\" rel=\"noopener noreferrer\"><strong>el sitio del Ministerio de Salud de la Pampa<\/strong><\/a>.<\/p>\n<\/div>\n<div class=\"oasis-despues-del-contenido\" id=\"oasis-183343404\"><img loading=\"lazy\" decoding=\"async\" src=\"https:\/\/oasisfm935.com.ar\/site\/wp-content\/uploads\/2020\/08\/47806202-8741-49f2-a5c9-d2f930e5baa1.jpg\" alt=\"\"  srcset=\"https:\/\/oasisfm935.com.ar\/site\/wp-content\/uploads\/2020\/08\/47806202-8741-49f2-a5c9-d2f930e5baa1.jpg 1080w, https:\/\/oasisfm935.com.ar\/site\/wp-content\/uploads\/2020\/08\/47806202-8741-49f2-a5c9-d2f930e5baa1-300x300.jpg 300w, https:\/\/oasisfm935.com.ar\/site\/wp-content\/uploads\/2020\/08\/47806202-8741-49f2-a5c9-d2f930e5baa1-1024x1024.jpg 1024w, https:\/\/oasisfm935.com.ar\/site\/wp-content\/uploads\/2020\/08\/47806202-8741-49f2-a5c9-d2f930e5baa1-150x150.jpg 150w, https:\/\/oasisfm935.com.ar\/site\/wp-content\/uploads\/2020\/08\/47806202-8741-49f2-a5c9-d2f930e5baa1-768x768.jpg 768w\" sizes=\"(max-width: 1080px) 100vw, 1080px\" class=\"no-lazyload\" width=\"1080\" height=\"1080\"  style=\"display: inline-block;\" \/><\/div>","protected":false},"excerpt":{"rendered":"<p>Sin casos positivos de coronavirus COVID-19, en la actualidad son 975 las personas contin\u00faan siendo monitoreadas. La Direcci\u00f3n de Epidemiolog\u00eda del Ministerio<\/p>\n","protected":false},"author":4,"featured_media":4812,"comment_status":"closed","ping_status":"open","sticky":false,"template":"","format":"standard","meta":{"colormag_page_layout":"default_layout","footnotes":""},"categories":[2],"tags":[],"class_list":["post-4811","post","type-post","status-publish","format-standard","has-post-thumbnail","hentry","category-noticias"],"_links":{"self":[{"href":"https:\/\/oasisfm935.com.ar\/site\/wp-json\/wp\/v2\/posts\/4811","targetHints":{"allow":["GET"]}}],"collection":[{"href":"https:\/\/oasisfm935.com.ar\/site\/wp-json\/wp\/v2\/posts"}],"about":[{"href":"https:\/\/oasisfm935.com.ar\/site\/wp-json\/wp\/v2\/types\/post"}],"author":[{"embeddable":true,"href":"https:\/\/oasisfm935.com.ar\/site\/wp-json\/wp\/v2\/users\/4"}],"replies":[{"embeddable":true,"href":"https:\/\/oasisfm935.com.ar\/site\/wp-json\/wp\/v2\/comments?post=4811"}],"version-history":[{"count":1,"href":"https:\/\/oasisfm935.com.ar\/site\/wp-json\/wp\/v2\/posts\/4811\/revisions"}],"predecessor-version":[{"id":4813,"href":"https:\/\/oasisfm935.com.ar\/site\/wp-json\/wp\/v2\/posts\/4811\/revisions\/4813"}],"wp:featuredmedia":[{"embeddable":true,"href":"https:\/\/oasisfm935.com.ar\/site\/wp-json\/wp\/v2\/media\/4812"}],"wp:attachment":[{"href":"https:\/\/oasisfm935.com.ar\/site\/wp-json\/wp\/v2\/media?parent=4811"}],"wp:term":[{"taxonomy":"category","embeddable":true,"href":"https:\/\/oasisfm935.com.ar\/site\/wp-json\/wp\/v2\/categories?post=4811"},{"taxonomy":"post_tag","embeddable":true,"href":"https:\/\/oasisfm935.com.ar\/site\/wp-json\/wp\/v2\/tags?post=4811"}],"curies":[{"name":"wp","href":"https:\/\/api.w.org\/{rel}","templated":true}]}}