{"id":4823,"date":"2020-05-27T17:23:29","date_gmt":"2020-05-27T20:23:29","guid":{"rendered":"http:\/\/oasisfm935.com\/site\/?p=4823"},"modified":"2020-05-27T17:24:30","modified_gmt":"2020-05-27T20:24:30","slug":"con-683-ziliotto-es-el-segundo-gobernador-del-pais-con-mejor-imagen-positiva","status":"publish","type":"post","link":"https:\/\/oasisfm935.com.ar\/site\/con-683-ziliotto-es-el-segundo-gobernador-del-pais-con-mejor-imagen-positiva\/","title":{"rendered":"Con 68,3%, Ziliotto es el segundo gobernador del pa\u00eds con mejor imagen positiva"},"content":{"rendered":"<p>El mandatario pampeano se ubica detr\u00e1s del de Mendoza.<\/p>\n<p>La Consultora Opini\u00f3n P\u00fablica realiz\u00f3 una encuesta que ubic\u00f3 al gobernador de La Pampa, Sergio Ziliotto, segundo en un ranking de imagen positiva. Seg\u00fan los datos, el mandatario pampeano obtuvo el 68,3% y qued\u00f3 detr\u00e1s del\u00a0mendocino\u00a0Rodolfo Su\u00e1rez, que sum\u00f3\u00a070,1%.<\/p>\n<p>Los datos del ranking corresponden a datos del mes de mayo, y detr\u00e1s del mendocino y el pampeano se ubican: Gustavo S\u00e1enz (Salta) con 67,9%, Gustavo Vald\u00e9s (Corrientes) con 66,6%, y Oscar Ahuad (Misiones), con 63,8%.<\/p>\n<p>&nbsp;<\/p>\n<p><a href=\"http:\/\/oasisfm935.com\/site\/wp-content\/uploads\/2020\/05\/rankinggobernadores-576x1024-1.jpg\"><img loading=\"lazy\" decoding=\"async\" class=\"alignnone size-full wp-image-4824\" src=\"http:\/\/oasisfm935.com\/site\/wp-content\/uploads\/2020\/05\/rankinggobernadores-576x1024-1.jpg\" alt=\"\" width=\"576\" height=\"1024\" srcset=\"https:\/\/oasisfm935.com.ar\/site\/wp-content\/uploads\/2020\/05\/rankinggobernadores-576x1024-1.jpg 576w, https:\/\/oasisfm935.com.ar\/site\/wp-content\/uploads\/2020\/05\/rankinggobernadores-576x1024-1-169x300.jpg 169w\" sizes=\"auto, (max-width: 576px) 100vw, 576px\" \/><\/a><\/p>\n<div class=\"oasis-despues-del-contenido\" id=\"oasis-648860388\"><img loading=\"lazy\" decoding=\"async\" src=\"https:\/\/oasisfm935.com.ar\/site\/wp-content\/uploads\/2020\/08\/47806202-8741-49f2-a5c9-d2f930e5baa1.jpg\" alt=\"\"  srcset=\"https:\/\/oasisfm935.com.ar\/site\/wp-content\/uploads\/2020\/08\/47806202-8741-49f2-a5c9-d2f930e5baa1.jpg 1080w, https:\/\/oasisfm935.com.ar\/site\/wp-content\/uploads\/2020\/08\/47806202-8741-49f2-a5c9-d2f930e5baa1-300x300.jpg 300w, https:\/\/oasisfm935.com.ar\/site\/wp-content\/uploads\/2020\/08\/47806202-8741-49f2-a5c9-d2f930e5baa1-1024x1024.jpg 1024w, https:\/\/oasisfm935.com.ar\/site\/wp-content\/uploads\/2020\/08\/47806202-8741-49f2-a5c9-d2f930e5baa1-150x150.jpg 150w, https:\/\/oasisfm935.com.ar\/site\/wp-content\/uploads\/2020\/08\/47806202-8741-49f2-a5c9-d2f930e5baa1-768x768.jpg 768w\" sizes=\"(max-width: 1080px) 100vw, 1080px\" class=\"no-lazyload\" width=\"1080\" height=\"1080\"  style=\"display: inline-block;\" \/><\/div>","protected":false},"excerpt":{"rendered":"<p>El mandatario pampeano se ubica detr\u00e1s del de Mendoza. La Consultora Opini\u00f3n P\u00fablica realiz\u00f3 una encuesta que ubic\u00f3 al gobernador de La<\/p>\n","protected":false},"author":4,"featured_media":4825,"comment_status":"closed","ping_status":"open","sticky":false,"template":"","format":"standard","meta":{"colormag_page_layout":"default_layout","footnotes":""},"categories":[2],"tags":[],"class_list":["post-4823","post","type-post","status-publish","format-standard","has-post-thumbnail","hentry","category-noticias"],"_links":{"self":[{"href":"https:\/\/oasisfm935.com.ar\/site\/wp-json\/wp\/v2\/posts\/4823","targetHints":{"allow":["GET"]}}],"collection":[{"href":"https:\/\/oasisfm935.com.ar\/site\/wp-json\/wp\/v2\/posts"}],"about":[{"href":"https:\/\/oasisfm935.com.ar\/site\/wp-json\/wp\/v2\/types\/post"}],"author":[{"embeddable":true,"href":"https:\/\/oasisfm935.com.ar\/site\/wp-json\/wp\/v2\/users\/4"}],"replies":[{"embeddable":true,"href":"https:\/\/oasisfm935.com.ar\/site\/wp-json\/wp\/v2\/comments?post=4823"}],"version-history":[{"count":1,"href":"https:\/\/oasisfm935.com.ar\/site\/wp-json\/wp\/v2\/posts\/4823\/revisions"}],"predecessor-version":[{"id":4826,"href":"https:\/\/oasisfm935.com.ar\/site\/wp-json\/wp\/v2\/posts\/4823\/revisions\/4826"}],"wp:featuredmedia":[{"embeddable":true,"href":"https:\/\/oasisfm935.com.ar\/site\/wp-json\/wp\/v2\/media\/4825"}],"wp:attachment":[{"href":"https:\/\/oasisfm935.com.ar\/site\/wp-json\/wp\/v2\/media?parent=4823"}],"wp:term":[{"taxonomy":"category","embeddable":true,"href":"https:\/\/oasisfm935.com.ar\/site\/wp-json\/wp\/v2\/categories?post=4823"},{"taxonomy":"post_tag","embeddable":true,"href":"https:\/\/oasisfm935.com.ar\/site\/wp-json\/wp\/v2\/tags?post=4823"}],"curies":[{"name":"wp","href":"https:\/\/api.w.org\/{rel}","templated":true}]}}