{"id":4828,"date":"2020-05-27T18:42:12","date_gmt":"2020-05-27T21:42:12","guid":{"rendered":"http:\/\/oasisfm935.com\/site\/?p=4828"},"modified":"2020-05-27T18:42:12","modified_gmt":"2020-05-27T21:42:12","slug":"ingeniero-luiggi-se-llevara-a-cabo-una-acreditacion-para-podadores-de-la-localidad-2","status":"publish","type":"post","link":"https:\/\/oasisfm935.com.ar\/site\/ingeniero-luiggi-se-llevara-a-cabo-una-acreditacion-para-podadores-de-la-localidad-2\/","title":{"rendered":"Ingeniero Luiggi: se llevar\u00e1 a cabo una Acreditaci\u00f3n para Podadores de la localidad."},"content":{"rendered":"<p><strong>El pr\u00f3ximo viernes 29 de Mayo a las 8.30 hs. en el Auditorio Municipal se llevar\u00e1 a cabo una Acreditaci\u00f3n para Podadores de la localidad, para eso Fm oasis se comunico con Alan Ru\u00edz y esto nos comento:<\/strong>\u00a0<em>Este viernes 29 de mayo vamos a estar acreditando a podadores de la localidad y tambi\u00e9n brind\u00e1ndoles cuestiones asociadas a las buenas practicas de poda del arbolado urbano, ya que por la situaci\u00f3n que estamos atravesando es inviable pensar en un curso.\u00a0<\/em><\/p>\n<p><em>Esta acreditaci\u00f3n autoriza a los asistentes a realizar dicha activad sin excepci\u00f3n, por eso es muy importante concurrir el d\u00eda viernes a las 8:30 horas en el auditorio Municipal .\u00a0<\/em><\/p>\n<blockquote><p>\u00a0 \u00a0 \u00a0 \u00a0 \u00a0 \u00a0 \u00a0 \u00a0 \u00a0 \u00a0 \u00a0 \u00a0 \u00a0 \u00a0 \u00a0 \u00a0 \u00a0 \u00a0 \u00a0 \u00a0La fecha de\u00a0comienzo de la activad\u00a0de poda esta pactada para los primeros d\u00edas de Junio,en los pr\u00f3ximos d\u00edas vamos a dar a conocer con precisi\u00f3n su inicio.<\/p><\/blockquote>\n<p><em>Una vez que de comienzo la temporada cada frentista debe solicitar el permiso o autorizaci\u00f3n en la Direcci\u00f3n de Medio Ambiente y Desarrollo Sustentable ubicada en la calle Av San Mart\u00edn numero 46, donde cada caso sera evaluada, se determinara si es o no\u00a0 necesario la poda.\u00a0 \u00a0<\/em><\/p>\n<p>Al incluir esta nueva activad tenemos que pensar en amoldarla a la presente situaci\u00f3n, por lo que nos llevo a pensar en incluirla o sectorizarla dependiendo los d\u00eda de recolecci\u00f3n de residuos voluminosos, esta metodolog\u00eda nos premio autorizar la poda uno <strong>los d\u00edas Lunes y Martes ( Av Espa\u00f1a hacia el este de la localidad), sector 2 los mi\u00e9rcoles y Jueves ( Av Espa\u00f1a hacia el oeste\u00a0 de la localidad), sector 3 Viernes y S\u00e1bado ( 9 de Julio hacia el norte de la Localidad).<\/strong><\/p>\n<p><strong>Ru\u00edz aclaro que: Esta activad solo debe ser practicada si antes es aprobada por el Ejecutivo Municipal mediante el permiso o autorizaci\u00f3n correspondiente.\u00a0<\/strong><\/p>\n<div class=\"oasis-despues-del-contenido\" id=\"oasis-2003512213\"><img loading=\"lazy\" decoding=\"async\" src=\"https:\/\/oasisfm935.com.ar\/site\/wp-content\/uploads\/2020\/08\/47806202-8741-49f2-a5c9-d2f930e5baa1.jpg\" alt=\"\"  srcset=\"https:\/\/oasisfm935.com.ar\/site\/wp-content\/uploads\/2020\/08\/47806202-8741-49f2-a5c9-d2f930e5baa1.jpg 1080w, https:\/\/oasisfm935.com.ar\/site\/wp-content\/uploads\/2020\/08\/47806202-8741-49f2-a5c9-d2f930e5baa1-300x300.jpg 300w, https:\/\/oasisfm935.com.ar\/site\/wp-content\/uploads\/2020\/08\/47806202-8741-49f2-a5c9-d2f930e5baa1-1024x1024.jpg 1024w, https:\/\/oasisfm935.com.ar\/site\/wp-content\/uploads\/2020\/08\/47806202-8741-49f2-a5c9-d2f930e5baa1-150x150.jpg 150w, https:\/\/oasisfm935.com.ar\/site\/wp-content\/uploads\/2020\/08\/47806202-8741-49f2-a5c9-d2f930e5baa1-768x768.jpg 768w\" sizes=\"(max-width: 1080px) 100vw, 1080px\" class=\"no-lazyload\" width=\"1080\" height=\"1080\"  style=\"display: inline-block;\" \/><\/div>","protected":false},"excerpt":{"rendered":"<p>El pr\u00f3ximo viernes 29 de Mayo a las 8.30 hs. en el Auditorio Municipal se llevar\u00e1 a cabo una Acreditaci\u00f3n para Podadores<\/p>\n","protected":false},"author":4,"featured_media":4829,"comment_status":"closed","ping_status":"open","sticky":false,"template":"","format":"standard","meta":{"colormag_page_layout":"default_layout","footnotes":""},"categories":[2],"tags":[],"class_list":["post-4828","post","type-post","status-publish","format-standard","has-post-thumbnail","hentry","category-noticias"],"_links":{"self":[{"href":"https:\/\/oasisfm935.com.ar\/site\/wp-json\/wp\/v2\/posts\/4828","targetHints":{"allow":["GET"]}}],"collection":[{"href":"https:\/\/oasisfm935.com.ar\/site\/wp-json\/wp\/v2\/posts"}],"about":[{"href":"https:\/\/oasisfm935.com.ar\/site\/wp-json\/wp\/v2\/types\/post"}],"author":[{"embeddable":true,"href":"https:\/\/oasisfm935.com.ar\/site\/wp-json\/wp\/v2\/users\/4"}],"replies":[{"embeddable":true,"href":"https:\/\/oasisfm935.com.ar\/site\/wp-json\/wp\/v2\/comments?post=4828"}],"version-history":[{"count":1,"href":"https:\/\/oasisfm935.com.ar\/site\/wp-json\/wp\/v2\/posts\/4828\/revisions"}],"predecessor-version":[{"id":4830,"href":"https:\/\/oasisfm935.com.ar\/site\/wp-json\/wp\/v2\/posts\/4828\/revisions\/4830"}],"wp:featuredmedia":[{"embeddable":true,"href":"https:\/\/oasisfm935.com.ar\/site\/wp-json\/wp\/v2\/media\/4829"}],"wp:attachment":[{"href":"https:\/\/oasisfm935.com.ar\/site\/wp-json\/wp\/v2\/media?parent=4828"}],"wp:term":[{"taxonomy":"category","embeddable":true,"href":"https:\/\/oasisfm935.com.ar\/site\/wp-json\/wp\/v2\/categories?post=4828"},{"taxonomy":"post_tag","embeddable":true,"href":"https:\/\/oasisfm935.com.ar\/site\/wp-json\/wp\/v2\/tags?post=4828"}],"curies":[{"name":"wp","href":"https:\/\/api.w.org\/{rel}","templated":true}]}}