{"id":4841,"date":"2020-05-28T08:34:17","date_gmt":"2020-05-28T11:34:17","guid":{"rendered":"http:\/\/oasisfm935.com\/site\/?p=4841"},"modified":"2020-05-28T08:57:40","modified_gmt":"2020-05-28T11:57:40","slug":"nacion-ya-autorizo-a-que-abran-restoranes-bares-y-gimnasios-en-la-pampa","status":"publish","type":"post","link":"https:\/\/oasisfm935.com.ar\/site\/nacion-ya-autorizo-a-que-abran-restoranes-bares-y-gimnasios-en-la-pampa\/","title":{"rendered":"Naci\u00f3n ya autoriz\u00f3 a que abran restoranes, bares y gimnasios en La Pampa"},"content":{"rendered":"<p><strong>La Provincia ya tiene el permiso nacional para habilitar el funcionamiento de restaurantes, bares, cervecer\u00edas y confiter\u00edas, entre otros locales comerciales que por ahora est\u00e1n sin actividad en cuarentena.\u00a0Este viernes el gobernador le pondr\u00eda fecha a esa medida.<\/strong><\/p>\n<p>El gobierno nacional dio su aval para que en La Pampa los bares y restaurantes puedan abrir sus puertas, del mismo modo que bibliotecas y gimnasios. Una normativa nacional habilit\u00f3 esa flexibilizaci\u00f3n de la cuarentena mediante la publicaci\u00f3n en el Bolet\u00edn Oficial.<\/p>\n<p>La medida se ven\u00eda evaluando con empresarios y jefes comunales.\u00a0<strong>Es posible que el gobernador Sergio Ziliotto anuncie este viernes cu\u00e1les son las medidas concretas<\/strong>\u00a0y cu\u00e1ndo comenzar\u00e1n a implementarse, aunque se prev\u00e9 que podr\u00eda ser este fin de semana.<\/p>\n<p>Ser\u00eda, en la pr\u00e1ctica, el paso a una suerte de\u00a0<strong>\u00abFase 5\u00bb<\/strong>, que ya se implementa, por ejemplo, en Corrientes.<\/p>\n<p><strong>Naci\u00f3n habilit\u00f3 que quedan exceptuadas del cumplimiento del aislamiento social, preventivo y obligatorio<\/strong>\u00a0-que se extendi\u00f3 hasta el 7 de junio- las siguientes actividades:\u00a0\u00abcasas de comidas, los food trucks, restaurantes, bares, cervecer\u00edas, cafeter\u00edas, helader\u00edas, confiter\u00edas y todo otro local comercial destinado a la producci\u00f3n y venta o solo venta de alimentos y\/o bebidas que cuente con habilitaci\u00f3n municipal para la atenci\u00f3n y permanencia de p\u00fablico en el local\u00bb.<\/p>\n<p>\u00abEn todos los casos -aclara la normativa oficial- se deber\u00e1 garantizar la organizaci\u00f3n de turnos, si correspondiere, y los modos de trabajo y de traslado que garanticen las medidas de distanciamiento e higiene necesarias para disminuir el riesgo de contagio del COVID-19\u00bb.<\/p>\n<p>Adviete que \u00ablos desplazamientos de las personas alcanzadas deber\u00e1n limitarse al estricto cumplimiento de la actividad o servicio exceptuados. Las empleadoras y los empleadores deber\u00e1n garantizar las condiciones de higiene, seguridad y traslado establecidas por las respectivas jurisdicciones para preservar la salud de las trabajadoras y de los trabajadores, y que estos lleguen a sus lugares de trabajo sin la utilizaci\u00f3n del servicio p\u00fablico de transporte de pasajeros\u00bb.<\/p>\n<p>El martes, Ziliotto\u00a0les propuso a intendentes e intendenta de todas las localidades comenzar a trabajar juntos la implementaci\u00f3n del operativo de apertura y control de restaurantes, bares, confiter\u00edas y gimnasios en La Pampa.\u00a0Lo hizo a trav\u00e9s de una videoconferencia en la que \u00abse analiza la necesidad de aplicar controles eficientes para evitar el aglomeramiento de personas y as\u00ed minimizar las posibilidades de contagio de coronavirus\u00bb.<\/p>\n<p>\u00abComo en el resto de las actividades que se han ido habilitando, tanto sociales como econ\u00f3micas, el proceso prev\u00e9 el acuerdo entre el Gobierno Provincial y los municipios, para posteriormente solicitar la autorizaci\u00f3n final el Gobierno Nacional\u00bb, destac\u00f3. Tambi\u00e9n esta semana, hubo un encuentro de representantes de gimnasios locales con las \u00e1reas deportivas.<\/p>\n<p>La iniciativa del mandatario provincial se enmarca en el dise\u00f1o de una estrategia que posibilite \u00abir ampliando la cuarentena focalizada hasta la apertura total, sin que la sociedad pampeana sufra contagios y p\u00e9rdidas de vidas\u00bb.<\/p>\n<div class=\"oasis-despues-del-contenido\" id=\"oasis-606631363\"><img loading=\"lazy\" decoding=\"async\" src=\"https:\/\/oasisfm935.com.ar\/site\/wp-content\/uploads\/2020\/08\/47806202-8741-49f2-a5c9-d2f930e5baa1.jpg\" alt=\"\"  srcset=\"https:\/\/oasisfm935.com.ar\/site\/wp-content\/uploads\/2020\/08\/47806202-8741-49f2-a5c9-d2f930e5baa1.jpg 1080w, https:\/\/oasisfm935.com.ar\/site\/wp-content\/uploads\/2020\/08\/47806202-8741-49f2-a5c9-d2f930e5baa1-300x300.jpg 300w, https:\/\/oasisfm935.com.ar\/site\/wp-content\/uploads\/2020\/08\/47806202-8741-49f2-a5c9-d2f930e5baa1-1024x1024.jpg 1024w, https:\/\/oasisfm935.com.ar\/site\/wp-content\/uploads\/2020\/08\/47806202-8741-49f2-a5c9-d2f930e5baa1-150x150.jpg 150w, https:\/\/oasisfm935.com.ar\/site\/wp-content\/uploads\/2020\/08\/47806202-8741-49f2-a5c9-d2f930e5baa1-768x768.jpg 768w\" sizes=\"(max-width: 1080px) 100vw, 1080px\" class=\"no-lazyload\" width=\"1080\" height=\"1080\"  style=\"display: inline-block;\" \/><\/div>","protected":false},"excerpt":{"rendered":"<p>La Provincia ya tiene el permiso nacional para habilitar el funcionamiento de restaurantes, bares, cervecer\u00edas y confiter\u00edas, entre otros locales comerciales que<\/p>\n","protected":false},"author":4,"featured_media":4842,"comment_status":"closed","ping_status":"open","sticky":false,"template":"","format":"standard","meta":{"colormag_page_layout":"default_layout","footnotes":""},"categories":[2],"tags":[],"class_list":["post-4841","post","type-post","status-publish","format-standard","has-post-thumbnail","hentry","category-noticias"],"_links":{"self":[{"href":"https:\/\/oasisfm935.com.ar\/site\/wp-json\/wp\/v2\/posts\/4841","targetHints":{"allow":["GET"]}}],"collection":[{"href":"https:\/\/oasisfm935.com.ar\/site\/wp-json\/wp\/v2\/posts"}],"about":[{"href":"https:\/\/oasisfm935.com.ar\/site\/wp-json\/wp\/v2\/types\/post"}],"author":[{"embeddable":true,"href":"https:\/\/oasisfm935.com.ar\/site\/wp-json\/wp\/v2\/users\/4"}],"replies":[{"embeddable":true,"href":"https:\/\/oasisfm935.com.ar\/site\/wp-json\/wp\/v2\/comments?post=4841"}],"version-history":[{"count":2,"href":"https:\/\/oasisfm935.com.ar\/site\/wp-json\/wp\/v2\/posts\/4841\/revisions"}],"predecessor-version":[{"id":4844,"href":"https:\/\/oasisfm935.com.ar\/site\/wp-json\/wp\/v2\/posts\/4841\/revisions\/4844"}],"wp:featuredmedia":[{"embeddable":true,"href":"https:\/\/oasisfm935.com.ar\/site\/wp-json\/wp\/v2\/media\/4842"}],"wp:attachment":[{"href":"https:\/\/oasisfm935.com.ar\/site\/wp-json\/wp\/v2\/media?parent=4841"}],"wp:term":[{"taxonomy":"category","embeddable":true,"href":"https:\/\/oasisfm935.com.ar\/site\/wp-json\/wp\/v2\/categories?post=4841"},{"taxonomy":"post_tag","embeddable":true,"href":"https:\/\/oasisfm935.com.ar\/site\/wp-json\/wp\/v2\/tags?post=4841"}],"curies":[{"name":"wp","href":"https:\/\/api.w.org\/{rel}","templated":true}]}}