{"id":4845,"date":"2020-05-28T12:19:12","date_gmt":"2020-05-28T15:19:12","guid":{"rendered":"http:\/\/oasisfm935.com\/site\/?p=4845"},"modified":"2020-05-28T12:50:31","modified_gmt":"2020-05-28T15:50:31","slug":"cuarentena-pampeana-el-viernes-5-abren-locales-gastronomicos-y-el-lunes-8-los-gimnasios","status":"publish","type":"post","link":"https:\/\/oasisfm935.com.ar\/site\/cuarentena-pampeana-el-viernes-5-abren-locales-gastronomicos-y-el-lunes-8-los-gimnasios\/","title":{"rendered":"Cuarentena pampeana: el viernes 5 abren locales gastron\u00f3micos y el lunes 8 los gimnasios"},"content":{"rendered":"<p>El gobernador Sergio Ziliotto inform\u00f3 este mediod\u00eda que desde el viernes 5 de junio podr\u00e1n abrir las casas de<strong>\u00a0los food trucks, restaurantes, bares, cervecer\u00edas, cafeter\u00edas, helader\u00edas y confiter\u00edas.\u00a0<\/strong>Fueron habilitados de lunes a jueves de 10 a 18, y los viernes, s\u00e1bados y domingos de 10 a 24 horas.<\/p>\n<p>Los gimnasios, a su vez, abrir\u00e1n desde el lunes 8. Lo podr\u00e1n hacer de lunes a s\u00e1bado, de 8 a 20 horas.<\/p>\n<p>Desde el lunes 1\u00b0, en tanto, se permitir\u00e1 la apertura de las bibliotecas -de lunes a s\u00e1bado, de 8 a 18- y las actividades de equinoterarpia \u2013todos los d\u00edas, de 8 a 18-.<\/p>\n<p>Todas esas actividades fueron exceptuadas del aislamiento por parte de Naci\u00f3n, solo en La Pampa.<\/p>\n<p>Ziliotto reclam\u00f3 responsabilidad social.<strong>\u00a0\u00abNo nos va a temblar la mano clausurar los locales que no entiendan que primero hay que cuidar la salud. Tampoco nos va a temblar la mano para retroceder y prohibir todos las actividades que se rehabilitan ahora<\/strong>\u00ab, advirti\u00f3.<\/p>\n<p>Adem\u00e1s, el mandatario anunci\u00f3 que todos los comerciantes, peluqueros, abogados, contadores, promotores se seguros y quinieleros, entre otros, ahora podr\u00e1n abrir de 10 a 18 de lunes a viernes, y los s\u00e1bados de 8 a 18 horas. Hasta el momento se permit\u00eda la apertura de 13 a 18 horas.<\/p>\n<p>En La Pampa,\u00a0<strong>hace 50 d\u00edas que no se registra un nuevo caso de Covid-19<\/strong>. Este es un<strong>\u00a0dato clave y central<\/strong>\u00a0en el an\u00e1lisis que hizo el Comit\u00e9 de Crisis para\u00a0<strong>seguir ampliando las flexibilizaciones que, en rigor, en parte se van dando en los hechos<\/strong>.<\/p>\n<div class=\"oasis-despues-del-contenido\" id=\"oasis-3055152439\"><img loading=\"lazy\" decoding=\"async\" src=\"https:\/\/oasisfm935.com.ar\/site\/wp-content\/uploads\/2020\/08\/47806202-8741-49f2-a5c9-d2f930e5baa1.jpg\" alt=\"\"  srcset=\"https:\/\/oasisfm935.com.ar\/site\/wp-content\/uploads\/2020\/08\/47806202-8741-49f2-a5c9-d2f930e5baa1.jpg 1080w, https:\/\/oasisfm935.com.ar\/site\/wp-content\/uploads\/2020\/08\/47806202-8741-49f2-a5c9-d2f930e5baa1-300x300.jpg 300w, https:\/\/oasisfm935.com.ar\/site\/wp-content\/uploads\/2020\/08\/47806202-8741-49f2-a5c9-d2f930e5baa1-1024x1024.jpg 1024w, https:\/\/oasisfm935.com.ar\/site\/wp-content\/uploads\/2020\/08\/47806202-8741-49f2-a5c9-d2f930e5baa1-150x150.jpg 150w, https:\/\/oasisfm935.com.ar\/site\/wp-content\/uploads\/2020\/08\/47806202-8741-49f2-a5c9-d2f930e5baa1-768x768.jpg 768w\" sizes=\"(max-width: 1080px) 100vw, 1080px\" class=\"no-lazyload\" width=\"1080\" height=\"1080\"  style=\"display: inline-block;\" \/><\/div>","protected":false},"excerpt":{"rendered":"<p>El gobernador Sergio Ziliotto inform\u00f3 este mediod\u00eda que desde el viernes 5 de junio podr\u00e1n abrir las casas de\u00a0los food trucks, restaurantes,<\/p>\n","protected":false},"author":4,"featured_media":4550,"comment_status":"closed","ping_status":"open","sticky":false,"template":"","format":"standard","meta":{"colormag_page_layout":"default_layout","footnotes":""},"categories":[2],"tags":[],"class_list":["post-4845","post","type-post","status-publish","format-standard","has-post-thumbnail","hentry","category-noticias"],"_links":{"self":[{"href":"https:\/\/oasisfm935.com.ar\/site\/wp-json\/wp\/v2\/posts\/4845","targetHints":{"allow":["GET"]}}],"collection":[{"href":"https:\/\/oasisfm935.com.ar\/site\/wp-json\/wp\/v2\/posts"}],"about":[{"href":"https:\/\/oasisfm935.com.ar\/site\/wp-json\/wp\/v2\/types\/post"}],"author":[{"embeddable":true,"href":"https:\/\/oasisfm935.com.ar\/site\/wp-json\/wp\/v2\/users\/4"}],"replies":[{"embeddable":true,"href":"https:\/\/oasisfm935.com.ar\/site\/wp-json\/wp\/v2\/comments?post=4845"}],"version-history":[{"count":4,"href":"https:\/\/oasisfm935.com.ar\/site\/wp-json\/wp\/v2\/posts\/4845\/revisions"}],"predecessor-version":[{"id":4849,"href":"https:\/\/oasisfm935.com.ar\/site\/wp-json\/wp\/v2\/posts\/4845\/revisions\/4849"}],"wp:featuredmedia":[{"embeddable":true,"href":"https:\/\/oasisfm935.com.ar\/site\/wp-json\/wp\/v2\/media\/4550"}],"wp:attachment":[{"href":"https:\/\/oasisfm935.com.ar\/site\/wp-json\/wp\/v2\/media?parent=4845"}],"wp:term":[{"taxonomy":"category","embeddable":true,"href":"https:\/\/oasisfm935.com.ar\/site\/wp-json\/wp\/v2\/categories?post=4845"},{"taxonomy":"post_tag","embeddable":true,"href":"https:\/\/oasisfm935.com.ar\/site\/wp-json\/wp\/v2\/tags?post=4845"}],"curies":[{"name":"wp","href":"https:\/\/api.w.org\/{rel}","templated":true}]}}