{"id":4851,"date":"2020-05-28T19:27:22","date_gmt":"2020-05-28T22:27:22","guid":{"rendered":"http:\/\/oasisfm935.com\/site\/?p=4851"},"modified":"2020-05-28T19:27:22","modified_gmt":"2020-05-28T22:27:22","slug":"el-gobernador-recibio-a-los-docentes-para-evaluar-como-se-hace-la-vuelta-a-clases","status":"publish","type":"post","link":"https:\/\/oasisfm935.com.ar\/site\/el-gobernador-recibio-a-los-docentes-para-evaluar-como-se-hace-la-vuelta-a-clases\/","title":{"rendered":"El gobernador recibi\u00f3 a los docentes para evaluar c\u00f3mo se hace la vuelta a clases"},"content":{"rendered":"<p>El gobierno explic\u00f3 la manera en que se lleva adelante el manejo de la crisis y los gremios propusieron que se empiece a discutir las condiciones laborales durante la pandemia.<\/p>\n<p>El gobernador\u00a0<strong>Sergio Ziliotto<\/strong>\u00a0les transmiti\u00f3 a los docentes la decisi\u00f3n de \u00abno volver a clase hasta que no haya riesgos de ning\u00fan tipo\u00bb, para todos quienes conforman o est\u00e1n relacionados con la comunidad educativa.<\/p>\n<p><strong>\u201cQuedamos en un compromiso de empezar a trabajar en un protocolo reglamento para condiciones laborales actuales y pensar c\u00f3mo va a ser la vuelta al edificio escuela\u201d<\/strong>, explic\u00f3\u00a0<strong>la secretaria General de UTELPa, Lily L\u00f3pez<\/strong>, a la salida de la reuni\u00f3n.<\/p>\n<p>Reclamaron que las discusiones se den en el marco de la Comisi\u00f3n de Salud y Seguridad en el Trabajo. \u201cQueremos que se convoquen a los profesionales que se necesiten, como infect\u00f3logos, pediatras, porque o solo pedimos por la salud de los y las trabajadoras, tambi\u00e9n nos ocupamos de la salud de nuestros ni\u00f1os, ni\u00f1as y j\u00f3venes\u201d, a\u00f1adi\u00f3.<\/p>\n<p>L\u00f3pez explic\u00f3 que\u00a0<strong>\u201cno se habl\u00f3 de tiempos. Pero es poco probable que la vuelta al edificio escuela ocurra en junio o julio.<\/strong>\u00a0Hasta que no haya una vacuna, no est\u00e1 garantizado nada. Lo m\u00e1s probable que reci\u00e9n pasado el invierno se pueda pensar en alg\u00fan mes en particular, si es que esto no empeor\u00f3 y no ingres\u00f3 la pandemia a La Pampa\u201d..<\/p>\n<p><strong>\u201cLa UTELPa vino a pedir la apertura del \u00e1mbito paritario porque consideramos que se tiene que escuchar la voz del trabajador y la trabajadora de la educaci\u00f3n. Tambi\u00e9n dejamos planteada la necesidad de empezar a discutir pauta salarial\u201d<\/strong>, se\u00f1al\u00f3.<\/p>\n<p><img decoding=\"async\" src=\"https:\/\/www.eldiariodelapampa.com.ar\/images\/2020\/Mayo-2020\/28-05-2020\/gremios-docentes.jpg\" \/><\/p>\n<p>Record\u00f3 que la COMISET \u201cse viene reuniendo hace dos martes y el que viene vamos a seguir de manera virtual con todos estos temas. El pr\u00f3ximo encuentro, por videoconferencia, se hace a las 9 de la ma\u00f1ana\u201d, finaliz\u00f3.<\/p>\n<p>Esta tarde se reunieron en el Sal\u00f3n de Acuerdos las autoridades pampeanas con representantes de Utelpa como Lily L\u00f3pez, Noem\u00ed Tejeda, por el SADOP Marcela Urban y por AMET, el secretario General, Jorge Rodr\u00edguez.<\/p>\n<p>Por el gobierno, adem\u00e1s de Sergio Ziliotto, estuvieron el ministro de Educaci\u00f3n Pablo Maccione, y los asesores paritarios Horacio Ghisio y Mar\u00eda Cristina Garello.<\/p>\n<div class=\"oasis-despues-del-contenido\" id=\"oasis-2957824612\"><img loading=\"lazy\" decoding=\"async\" src=\"https:\/\/oasisfm935.com.ar\/site\/wp-content\/uploads\/2020\/08\/47806202-8741-49f2-a5c9-d2f930e5baa1.jpg\" alt=\"\"  srcset=\"https:\/\/oasisfm935.com.ar\/site\/wp-content\/uploads\/2020\/08\/47806202-8741-49f2-a5c9-d2f930e5baa1.jpg 1080w, https:\/\/oasisfm935.com.ar\/site\/wp-content\/uploads\/2020\/08\/47806202-8741-49f2-a5c9-d2f930e5baa1-300x300.jpg 300w, https:\/\/oasisfm935.com.ar\/site\/wp-content\/uploads\/2020\/08\/47806202-8741-49f2-a5c9-d2f930e5baa1-1024x1024.jpg 1024w, https:\/\/oasisfm935.com.ar\/site\/wp-content\/uploads\/2020\/08\/47806202-8741-49f2-a5c9-d2f930e5baa1-150x150.jpg 150w, https:\/\/oasisfm935.com.ar\/site\/wp-content\/uploads\/2020\/08\/47806202-8741-49f2-a5c9-d2f930e5baa1-768x768.jpg 768w\" sizes=\"(max-width: 1080px) 100vw, 1080px\" class=\"no-lazyload\" width=\"1080\" height=\"1080\"  style=\"display: inline-block;\" \/><\/div>","protected":false},"excerpt":{"rendered":"<p>El gobierno explic\u00f3 la manera en que se lleva adelante el manejo de la crisis y los gremios propusieron que se empiece<\/p>\n","protected":false},"author":4,"featured_media":4852,"comment_status":"closed","ping_status":"open","sticky":false,"template":"","format":"standard","meta":{"colormag_page_layout":"default_layout","footnotes":""},"categories":[2],"tags":[],"class_list":["post-4851","post","type-post","status-publish","format-standard","has-post-thumbnail","hentry","category-noticias"],"_links":{"self":[{"href":"https:\/\/oasisfm935.com.ar\/site\/wp-json\/wp\/v2\/posts\/4851","targetHints":{"allow":["GET"]}}],"collection":[{"href":"https:\/\/oasisfm935.com.ar\/site\/wp-json\/wp\/v2\/posts"}],"about":[{"href":"https:\/\/oasisfm935.com.ar\/site\/wp-json\/wp\/v2\/types\/post"}],"author":[{"embeddable":true,"href":"https:\/\/oasisfm935.com.ar\/site\/wp-json\/wp\/v2\/users\/4"}],"replies":[{"embeddable":true,"href":"https:\/\/oasisfm935.com.ar\/site\/wp-json\/wp\/v2\/comments?post=4851"}],"version-history":[{"count":1,"href":"https:\/\/oasisfm935.com.ar\/site\/wp-json\/wp\/v2\/posts\/4851\/revisions"}],"predecessor-version":[{"id":4853,"href":"https:\/\/oasisfm935.com.ar\/site\/wp-json\/wp\/v2\/posts\/4851\/revisions\/4853"}],"wp:featuredmedia":[{"embeddable":true,"href":"https:\/\/oasisfm935.com.ar\/site\/wp-json\/wp\/v2\/media\/4852"}],"wp:attachment":[{"href":"https:\/\/oasisfm935.com.ar\/site\/wp-json\/wp\/v2\/media?parent=4851"}],"wp:term":[{"taxonomy":"category","embeddable":true,"href":"https:\/\/oasisfm935.com.ar\/site\/wp-json\/wp\/v2\/categories?post=4851"},{"taxonomy":"post_tag","embeddable":true,"href":"https:\/\/oasisfm935.com.ar\/site\/wp-json\/wp\/v2\/tags?post=4851"}],"curies":[{"name":"wp","href":"https:\/\/api.w.org\/{rel}","templated":true}]}}