{"id":4865,"date":"2020-05-30T13:26:26","date_gmt":"2020-05-30T16:26:26","guid":{"rendered":"http:\/\/oasisfm935.com\/site\/?p=4865"},"modified":"2020-05-30T13:31:57","modified_gmt":"2020-05-30T16:31:57","slug":"alberto-fernandez-con-757-de-imagen-positiva","status":"publish","type":"post","link":"https:\/\/oasisfm935.com.ar\/site\/alberto-fernandez-con-757-de-imagen-positiva\/","title":{"rendered":"Alberto Fern\u00e1ndez con 75,7% de imagen positiva en La Pampa ."},"content":{"rendered":"<p><strong>Un estudio de la consultora CB muestra que el presidente Alberto Fern\u00e1ndez cuenta con una imagen positiva superior a la negativa en todas las provincias del pa\u00eds, la m\u00e1s alta en La Pampa, con 75,7%, y la m\u00e1s baja en C\u00f3rdoba, con 53,7%.<\/strong><\/p>\n<p>Cristina Fern\u00e1ndez de Kirchner, en cambio, posee imagen positiva superior a la negativa en Santiago del Estero, Formosa, Tierra del Fuego, La Pampa, Misiones, Catamarca, Santa Cruz y provincia de Buenos Aires.<\/p>\n<p class=\"fr-text-spaced\">En cuanto al expresidente Mauricio Macri, obtiene imagen negativa superior a la positiva en todas las provincias, excepto en C\u00f3rdoba. Sus mediciones positivas m\u00e1s altas son en C\u00f3rdoba, CABA y Mendoza, todos bastiones del macrismo durante las \u00faltimas elecciones.<\/p>\n<p><a href=\"http:\/\/oasisfm935.com\/site\/wp-content\/uploads\/2020\/05\/FB_IMG_1590842203479.jpg\"><img loading=\"lazy\" decoding=\"async\" class=\"alignnone size-full wp-image-4870\" src=\"http:\/\/oasisfm935.com\/site\/wp-content\/uploads\/2020\/05\/FB_IMG_1590842203479.jpg\" alt=\"\" width=\"403\" height=\"650\" srcset=\"https:\/\/oasisfm935.com.ar\/site\/wp-content\/uploads\/2020\/05\/FB_IMG_1590842203479.jpg 403w, https:\/\/oasisfm935.com.ar\/site\/wp-content\/uploads\/2020\/05\/FB_IMG_1590842203479-186x300.jpg 186w\" sizes=\"auto, (max-width: 403px) 100vw, 403px\" \/><\/a><\/p>\n<p class=\"fr-text-spaced\">Adem\u00e1s, la encuenta muestra que los gobernadores con mayor imagen positiva son Roberto Su\u00e1rez (Mendoza, con el 70,1%), Sergio Ziliotto (La Pampa, 68,3%), Gustavo S\u00e1enz (Salta, 67,9%), y Gustavo Vald\u00e9s (Corrientes, 66,6%).<\/p>\n<p class=\"fr-text-spaced\">En tanto, quienes tienen peor imagen son Mariano Arcioni (Chubut, 29,2%), Juan Manzur (Tucum\u00e1n, 32,4%) y Alicia Kirchner (Santa Cruz, 33,5%).<\/p>\n<div class=\"oasis-despues-del-contenido\" id=\"oasis-1536222880\"><img loading=\"lazy\" decoding=\"async\" src=\"https:\/\/oasisfm935.com.ar\/site\/wp-content\/uploads\/2020\/08\/47806202-8741-49f2-a5c9-d2f930e5baa1.jpg\" alt=\"\"  srcset=\"https:\/\/oasisfm935.com.ar\/site\/wp-content\/uploads\/2020\/08\/47806202-8741-49f2-a5c9-d2f930e5baa1.jpg 1080w, https:\/\/oasisfm935.com.ar\/site\/wp-content\/uploads\/2020\/08\/47806202-8741-49f2-a5c9-d2f930e5baa1-300x300.jpg 300w, https:\/\/oasisfm935.com.ar\/site\/wp-content\/uploads\/2020\/08\/47806202-8741-49f2-a5c9-d2f930e5baa1-1024x1024.jpg 1024w, https:\/\/oasisfm935.com.ar\/site\/wp-content\/uploads\/2020\/08\/47806202-8741-49f2-a5c9-d2f930e5baa1-150x150.jpg 150w, https:\/\/oasisfm935.com.ar\/site\/wp-content\/uploads\/2020\/08\/47806202-8741-49f2-a5c9-d2f930e5baa1-768x768.jpg 768w\" sizes=\"(max-width: 1080px) 100vw, 1080px\" class=\"no-lazyload\" width=\"1080\" height=\"1080\"  style=\"display: inline-block;\" \/><\/div>","protected":false},"excerpt":{"rendered":"<p>Un estudio de la consultora CB muestra que el presidente Alberto Fern\u00e1ndez cuenta con una imagen positiva superior a la negativa en<\/p>\n","protected":false},"author":4,"featured_media":4866,"comment_status":"closed","ping_status":"open","sticky":false,"template":"","format":"standard","meta":{"colormag_page_layout":"default_layout","footnotes":""},"categories":[2],"tags":[],"class_list":["post-4865","post","type-post","status-publish","format-standard","has-post-thumbnail","hentry","category-noticias"],"_links":{"self":[{"href":"https:\/\/oasisfm935.com.ar\/site\/wp-json\/wp\/v2\/posts\/4865","targetHints":{"allow":["GET"]}}],"collection":[{"href":"https:\/\/oasisfm935.com.ar\/site\/wp-json\/wp\/v2\/posts"}],"about":[{"href":"https:\/\/oasisfm935.com.ar\/site\/wp-json\/wp\/v2\/types\/post"}],"author":[{"embeddable":true,"href":"https:\/\/oasisfm935.com.ar\/site\/wp-json\/wp\/v2\/users\/4"}],"replies":[{"embeddable":true,"href":"https:\/\/oasisfm935.com.ar\/site\/wp-json\/wp\/v2\/comments?post=4865"}],"version-history":[{"count":4,"href":"https:\/\/oasisfm935.com.ar\/site\/wp-json\/wp\/v2\/posts\/4865\/revisions"}],"predecessor-version":[{"id":4872,"href":"https:\/\/oasisfm935.com.ar\/site\/wp-json\/wp\/v2\/posts\/4865\/revisions\/4872"}],"wp:featuredmedia":[{"embeddable":true,"href":"https:\/\/oasisfm935.com.ar\/site\/wp-json\/wp\/v2\/media\/4866"}],"wp:attachment":[{"href":"https:\/\/oasisfm935.com.ar\/site\/wp-json\/wp\/v2\/media?parent=4865"}],"wp:term":[{"taxonomy":"category","embeddable":true,"href":"https:\/\/oasisfm935.com.ar\/site\/wp-json\/wp\/v2\/categories?post=4865"},{"taxonomy":"post_tag","embeddable":true,"href":"https:\/\/oasisfm935.com.ar\/site\/wp-json\/wp\/v2\/tags?post=4865"}],"curies":[{"name":"wp","href":"https:\/\/api.w.org\/{rel}","templated":true}]}}