{"id":4873,"date":"2020-05-30T14:23:39","date_gmt":"2020-05-30T17:23:39","guid":{"rendered":"http:\/\/oasisfm935.com\/site\/?p=4873"},"modified":"2020-05-30T14:28:30","modified_gmt":"2020-05-30T17:28:30","slug":"caso-sospechoso-el-gobierno-pidio-investigar-a-un-camionero","status":"publish","type":"post","link":"https:\/\/oasisfm935.com.ar\/site\/caso-sospechoso-el-gobierno-pidio-investigar-a-un-camionero\/","title":{"rendered":"Caso sospechoso: el gobierno pidi\u00f3 investigar a un camionero"},"content":{"rendered":"<header>\n<h1><\/h1>\n<\/header>\n<p class=\"lead nota-detalle-bajada\">Se accion\u00f3 judicialmente por posible ruptura de la cuarentena<\/p>\n<div class=\"nota-detalle-cuerpo\">En virtud de un caso sospechoso de COVID-19 que se encuentra en el Centro Emergente de Asistencia Respiratorio \u2013CEAR-, el gobernador Sergio Ziliotto, instruy\u00f3 al ministro de Seguridad para que solicite a la Justicia Provincial que investigue la posible comisi\u00f3n de un delito. Ser\u00eda por violaci\u00f3n de la cuarentena, \u00a0por parte de un camionero procedente\u00a0 de Neuqu\u00e9n que pernoct\u00f3 en un domicilio de la ciudad de Santa Rosa. La denuncia involucra tambi\u00e9n a los adultos que habitan la vivienda donde se aloj\u00f3 el camionero.<br \/>\nUno de los habitantes del domicilio donde se aloj\u00f3 el camionero, es el caso sospechoso internado en el CEAR, en tanto que los restantes permanecen en cuarentena preventiva en su vivienda con custodia policial permanente.<\/div>\n<div><a href=\"http:\/\/oasisfm935.com\/site\/wp-content\/uploads\/2020\/05\/5ed2943c229b0.jpg\"><img loading=\"lazy\" decoding=\"async\" class=\"alignnone size-full wp-image-4876\" src=\"http:\/\/oasisfm935.com\/site\/wp-content\/uploads\/2020\/05\/5ed2943c229b0.jpg\" alt=\"\" width=\"900\" height=\"507\" srcset=\"https:\/\/oasisfm935.com.ar\/site\/wp-content\/uploads\/2020\/05\/5ed2943c229b0.jpg 900w, https:\/\/oasisfm935.com.ar\/site\/wp-content\/uploads\/2020\/05\/5ed2943c229b0-300x169.jpg 300w, https:\/\/oasisfm935.com.ar\/site\/wp-content\/uploads\/2020\/05\/5ed2943c229b0-768x433.jpg 768w\" sizes=\"auto, (max-width: 900px) 100vw, 900px\" \/><\/a><\/div>\n<div class=\"oasis-despues-del-contenido\" id=\"oasis-2287180494\"><img loading=\"lazy\" decoding=\"async\" src=\"https:\/\/oasisfm935.com.ar\/site\/wp-content\/uploads\/2020\/08\/47806202-8741-49f2-a5c9-d2f930e5baa1.jpg\" alt=\"\"  srcset=\"https:\/\/oasisfm935.com.ar\/site\/wp-content\/uploads\/2020\/08\/47806202-8741-49f2-a5c9-d2f930e5baa1.jpg 1080w, https:\/\/oasisfm935.com.ar\/site\/wp-content\/uploads\/2020\/08\/47806202-8741-49f2-a5c9-d2f930e5baa1-300x300.jpg 300w, https:\/\/oasisfm935.com.ar\/site\/wp-content\/uploads\/2020\/08\/47806202-8741-49f2-a5c9-d2f930e5baa1-1024x1024.jpg 1024w, https:\/\/oasisfm935.com.ar\/site\/wp-content\/uploads\/2020\/08\/47806202-8741-49f2-a5c9-d2f930e5baa1-150x150.jpg 150w, https:\/\/oasisfm935.com.ar\/site\/wp-content\/uploads\/2020\/08\/47806202-8741-49f2-a5c9-d2f930e5baa1-768x768.jpg 768w\" sizes=\"(max-width: 1080px) 100vw, 1080px\" class=\"no-lazyload\" width=\"1080\" height=\"1080\"  style=\"display: inline-block;\" \/><\/div>","protected":false},"excerpt":{"rendered":"<p>Se accion\u00f3 judicialmente por posible ruptura de la cuarentena En virtud de un caso sospechoso de COVID-19 que se encuentra en el<\/p>\n","protected":false},"author":4,"featured_media":4874,"comment_status":"closed","ping_status":"open","sticky":false,"template":"","format":"standard","meta":{"colormag_page_layout":"default_layout","footnotes":""},"categories":[2],"tags":[],"class_list":["post-4873","post","type-post","status-publish","format-standard","has-post-thumbnail","hentry","category-noticias"],"_links":{"self":[{"href":"https:\/\/oasisfm935.com.ar\/site\/wp-json\/wp\/v2\/posts\/4873","targetHints":{"allow":["GET"]}}],"collection":[{"href":"https:\/\/oasisfm935.com.ar\/site\/wp-json\/wp\/v2\/posts"}],"about":[{"href":"https:\/\/oasisfm935.com.ar\/site\/wp-json\/wp\/v2\/types\/post"}],"author":[{"embeddable":true,"href":"https:\/\/oasisfm935.com.ar\/site\/wp-json\/wp\/v2\/users\/4"}],"replies":[{"embeddable":true,"href":"https:\/\/oasisfm935.com.ar\/site\/wp-json\/wp\/v2\/comments?post=4873"}],"version-history":[{"count":2,"href":"https:\/\/oasisfm935.com.ar\/site\/wp-json\/wp\/v2\/posts\/4873\/revisions"}],"predecessor-version":[{"id":4877,"href":"https:\/\/oasisfm935.com.ar\/site\/wp-json\/wp\/v2\/posts\/4873\/revisions\/4877"}],"wp:featuredmedia":[{"embeddable":true,"href":"https:\/\/oasisfm935.com.ar\/site\/wp-json\/wp\/v2\/media\/4874"}],"wp:attachment":[{"href":"https:\/\/oasisfm935.com.ar\/site\/wp-json\/wp\/v2\/media?parent=4873"}],"wp:term":[{"taxonomy":"category","embeddable":true,"href":"https:\/\/oasisfm935.com.ar\/site\/wp-json\/wp\/v2\/categories?post=4873"},{"taxonomy":"post_tag","embeddable":true,"href":"https:\/\/oasisfm935.com.ar\/site\/wp-json\/wp\/v2\/tags?post=4873"}],"curies":[{"name":"wp","href":"https:\/\/api.w.org\/{rel}","templated":true}]}}