{"id":4878,"date":"2020-05-30T23:36:27","date_gmt":"2020-05-31T02:36:27","guid":{"rendered":"http:\/\/oasisfm935.com\/site\/?p=4878"},"modified":"2020-05-30T23:36:27","modified_gmt":"2020-05-31T02:36:27","slug":"el-test-dio-negativo-y-la-pampa-sigue-sin-nuevos-positivos-de-coronavirus","status":"publish","type":"post","link":"https:\/\/oasisfm935.com.ar\/site\/el-test-dio-negativo-y-la-pampa-sigue-sin-nuevos-positivos-de-coronavirus\/","title":{"rendered":"El test dio negativo y La Pampa sigue sin nuevos positivos de coronavirus"},"content":{"rendered":"<p>Se trata de un transportista de la ciudad que, a regresar de Neuqu\u00e9n, pretendi\u00f3 hacer la cuarentena en su casa en lugar de un hotel, como exige el protocolo.<\/p>\n<p>Una persona de Santa Rosa permanec\u00eda este s\u00e1bado internada en el Centro Emergente de Atenci\u00f3n Respiratoria (CEAR) porque tiene s\u00edntomas de Covid-19. Se le realizaron los an\u00e1lisis y los resultados estar\u00e1n en las pr\u00f3ximas horas. El nexo del supuesto contagio ser\u00eda un transportista que volvi\u00f3 a la ciudad desde Neuqu\u00e9n y pas\u00f3 la noche en el mismo domicilio de la persona que tiene s\u00edntomas.<\/p>\n<p>A partir de esta situaci\u00f3n, el Gobierno provincial impuls\u00f3 una denuncia por la posible comisi\u00f3n de un delito. \u00bfQu\u00e9 pas\u00f3? El transportista habr\u00eda\u00a0violado la cuarentena, ya que regres\u00f3 de la provincia de Neuqu\u00e9n y en lugar de ir a un hotel pernoct\u00f3 en su domicilio. La denuncia involucra tambi\u00e9n a los adultos que habitan la vivienda donde se aloj\u00f3.<\/p>\n<p>La informaci\u00f3n difundida oficialmente fue bastante imprecisa.\u00a0<strong>El Diario<\/strong>\u00a0pudo confirmar que la persona investigada es de Santa Rosa: por su condici\u00f3n de transportista est\u00e1 autorizado a entrar y salir de la provincia por cuestiones laborales, pero cada vez que regresa debe hacer la cuarentena en un hotel.<\/p>\n<p><strong>Por motivos que se tratan de establecer, en su \u00faltimo regreso salte\u00f3 los controles y se fue directamente a su casa.\u00a0<\/strong>Horas despu\u00e9s, una persona integrante del grupo familiar present\u00f3 un estado gripal con s\u00edntomas que se corresponden a un caso sospechoso de coronavirus y por eso fue derivada al CEAR.<\/p>\n<p>En tanto que los restantes integrantes permanecen en cuarentena preventiva en la vivienda con custodia policial permanente, seg\u00fan inform\u00f3 el Gobierno Provincial.<\/p>\n<div class=\"oasis-despues-del-contenido\" id=\"oasis-248205576\"><img loading=\"lazy\" decoding=\"async\" src=\"https:\/\/oasisfm935.com.ar\/site\/wp-content\/uploads\/2020\/08\/47806202-8741-49f2-a5c9-d2f930e5baa1.jpg\" alt=\"\"  srcset=\"https:\/\/oasisfm935.com.ar\/site\/wp-content\/uploads\/2020\/08\/47806202-8741-49f2-a5c9-d2f930e5baa1.jpg 1080w, https:\/\/oasisfm935.com.ar\/site\/wp-content\/uploads\/2020\/08\/47806202-8741-49f2-a5c9-d2f930e5baa1-300x300.jpg 300w, https:\/\/oasisfm935.com.ar\/site\/wp-content\/uploads\/2020\/08\/47806202-8741-49f2-a5c9-d2f930e5baa1-1024x1024.jpg 1024w, https:\/\/oasisfm935.com.ar\/site\/wp-content\/uploads\/2020\/08\/47806202-8741-49f2-a5c9-d2f930e5baa1-150x150.jpg 150w, https:\/\/oasisfm935.com.ar\/site\/wp-content\/uploads\/2020\/08\/47806202-8741-49f2-a5c9-d2f930e5baa1-768x768.jpg 768w\" sizes=\"(max-width: 1080px) 100vw, 1080px\" class=\"no-lazyload\" width=\"1080\" height=\"1080\"  style=\"display: inline-block;\" \/><\/div>","protected":false},"excerpt":{"rendered":"<p>Se trata de un transportista de la ciudad que, a regresar de Neuqu\u00e9n, pretendi\u00f3 hacer la cuarentena en su casa en lugar<\/p>\n","protected":false},"author":4,"featured_media":4879,"comment_status":"closed","ping_status":"open","sticky":false,"template":"","format":"standard","meta":{"colormag_page_layout":"default_layout","footnotes":""},"categories":[2],"tags":[],"class_list":["post-4878","post","type-post","status-publish","format-standard","has-post-thumbnail","hentry","category-noticias"],"_links":{"self":[{"href":"https:\/\/oasisfm935.com.ar\/site\/wp-json\/wp\/v2\/posts\/4878","targetHints":{"allow":["GET"]}}],"collection":[{"href":"https:\/\/oasisfm935.com.ar\/site\/wp-json\/wp\/v2\/posts"}],"about":[{"href":"https:\/\/oasisfm935.com.ar\/site\/wp-json\/wp\/v2\/types\/post"}],"author":[{"embeddable":true,"href":"https:\/\/oasisfm935.com.ar\/site\/wp-json\/wp\/v2\/users\/4"}],"replies":[{"embeddable":true,"href":"https:\/\/oasisfm935.com.ar\/site\/wp-json\/wp\/v2\/comments?post=4878"}],"version-history":[{"count":1,"href":"https:\/\/oasisfm935.com.ar\/site\/wp-json\/wp\/v2\/posts\/4878\/revisions"}],"predecessor-version":[{"id":4880,"href":"https:\/\/oasisfm935.com.ar\/site\/wp-json\/wp\/v2\/posts\/4878\/revisions\/4880"}],"wp:featuredmedia":[{"embeddable":true,"href":"https:\/\/oasisfm935.com.ar\/site\/wp-json\/wp\/v2\/media\/4879"}],"wp:attachment":[{"href":"https:\/\/oasisfm935.com.ar\/site\/wp-json\/wp\/v2\/media?parent=4878"}],"wp:term":[{"taxonomy":"category","embeddable":true,"href":"https:\/\/oasisfm935.com.ar\/site\/wp-json\/wp\/v2\/categories?post=4878"},{"taxonomy":"post_tag","embeddable":true,"href":"https:\/\/oasisfm935.com.ar\/site\/wp-json\/wp\/v2\/tags?post=4878"}],"curies":[{"name":"wp","href":"https:\/\/api.w.org\/{rel}","templated":true}]}}