{"id":4890,"date":"2020-06-01T12:12:41","date_gmt":"2020-06-01T15:12:41","guid":{"rendered":"http:\/\/oasisfm935.com\/site\/?p=4890"},"modified":"2020-06-01T12:12:41","modified_gmt":"2020-06-01T15:12:41","slug":"a-la-argentina-que-trabaja-le-sobra-muchos-portenos","status":"publish","type":"post","link":"https:\/\/oasisfm935.com.ar\/site\/a-la-argentina-que-trabaja-le-sobra-muchos-portenos\/","title":{"rendered":"\u00abA la Argentina que trabaja le sobra muchos porte\u00f1os\u00bb"},"content":{"rendered":"<p>El gobernador Sergio Ziliotto sali\u00f3 al cruce de la movida \u00abanticuarentena\u00bb.\u00a0<strong>Y solt\u00f3 una frase que levantar\u00e1 pol\u00e9mica<\/strong>.<\/p>\n<p>El gobernador Sergio Ziliotto solt\u00f3 hoy una frase que, seguramente, levantar\u00e1 mucha pol\u00e9mica:\u00a0<strong>\u00abA la Argentina que trabaja le sobra muchos porte\u00f1os\u00bb<\/strong>, contest\u00f3 cuando le consultaron sobre las protestas en contra de la cuarentena.<\/p>\n<div class=\"container container-single penci_sidebar right-sidebar penci-enable-lightbox\">\n<div id=\"main\">\n<div class=\"theiaStickySidebar\">\n<article id=\"post-95861\" class=\"post-95861 post type-post status-publish format-standard has-post-thumbnail hentry category-destacadas category-politica tag-covid tag-cuarentena tag-ziliotto\">\n<div class=\"post-entry blockquote-style-1\">\n<div>As\u00ed, el mandatario pampeano sali\u00f3 al cruce de las manifestaciones que en los \u00faltimos d\u00edas tuvieron su epicentro en Capital Federal y de la utilizaci\u00f3n del t\u00e9rmino \u00abinfectadura\u00bb, que form\u00f3 parte de un documento titulado \u00abLa democracia est\u00e1 en peligro\u00bb y firmado por investigadores, periodistas y referente del macrismo.Entre quienes avalaron ese texto, estuvo el exdirector de Radio Nacional Santa Rosa, Germ\u00e1n Dittler.<\/p>\n<\/div>\n<\/div>\n<\/article>\n<\/div>\n<\/div>\n<\/div>\n<div class=\"oasis-despues-del-contenido\" id=\"oasis-446907302\"><img loading=\"lazy\" decoding=\"async\" src=\"https:\/\/oasisfm935.com.ar\/site\/wp-content\/uploads\/2020\/08\/47806202-8741-49f2-a5c9-d2f930e5baa1.jpg\" alt=\"\"  srcset=\"https:\/\/oasisfm935.com.ar\/site\/wp-content\/uploads\/2020\/08\/47806202-8741-49f2-a5c9-d2f930e5baa1.jpg 1080w, https:\/\/oasisfm935.com.ar\/site\/wp-content\/uploads\/2020\/08\/47806202-8741-49f2-a5c9-d2f930e5baa1-300x300.jpg 300w, https:\/\/oasisfm935.com.ar\/site\/wp-content\/uploads\/2020\/08\/47806202-8741-49f2-a5c9-d2f930e5baa1-1024x1024.jpg 1024w, https:\/\/oasisfm935.com.ar\/site\/wp-content\/uploads\/2020\/08\/47806202-8741-49f2-a5c9-d2f930e5baa1-150x150.jpg 150w, https:\/\/oasisfm935.com.ar\/site\/wp-content\/uploads\/2020\/08\/47806202-8741-49f2-a5c9-d2f930e5baa1-768x768.jpg 768w\" sizes=\"(max-width: 1080px) 100vw, 1080px\" class=\"no-lazyload\" width=\"1080\" height=\"1080\"  style=\"display: inline-block;\" \/><\/div>","protected":false},"excerpt":{"rendered":"<p>El gobernador Sergio Ziliotto sali\u00f3 al cruce de la movida \u00abanticuarentena\u00bb.\u00a0Y solt\u00f3 una frase que levantar\u00e1 pol\u00e9mica. El gobernador Sergio Ziliotto solt\u00f3<\/p>\n","protected":false},"author":4,"featured_media":4485,"comment_status":"closed","ping_status":"open","sticky":false,"template":"","format":"standard","meta":{"colormag_page_layout":"default_layout","footnotes":""},"categories":[2],"tags":[],"class_list":["post-4890","post","type-post","status-publish","format-standard","has-post-thumbnail","hentry","category-noticias"],"_links":{"self":[{"href":"https:\/\/oasisfm935.com.ar\/site\/wp-json\/wp\/v2\/posts\/4890","targetHints":{"allow":["GET"]}}],"collection":[{"href":"https:\/\/oasisfm935.com.ar\/site\/wp-json\/wp\/v2\/posts"}],"about":[{"href":"https:\/\/oasisfm935.com.ar\/site\/wp-json\/wp\/v2\/types\/post"}],"author":[{"embeddable":true,"href":"https:\/\/oasisfm935.com.ar\/site\/wp-json\/wp\/v2\/users\/4"}],"replies":[{"embeddable":true,"href":"https:\/\/oasisfm935.com.ar\/site\/wp-json\/wp\/v2\/comments?post=4890"}],"version-history":[{"count":1,"href":"https:\/\/oasisfm935.com.ar\/site\/wp-json\/wp\/v2\/posts\/4890\/revisions"}],"predecessor-version":[{"id":4891,"href":"https:\/\/oasisfm935.com.ar\/site\/wp-json\/wp\/v2\/posts\/4890\/revisions\/4891"}],"wp:featuredmedia":[{"embeddable":true,"href":"https:\/\/oasisfm935.com.ar\/site\/wp-json\/wp\/v2\/media\/4485"}],"wp:attachment":[{"href":"https:\/\/oasisfm935.com.ar\/site\/wp-json\/wp\/v2\/media?parent=4890"}],"wp:term":[{"taxonomy":"category","embeddable":true,"href":"https:\/\/oasisfm935.com.ar\/site\/wp-json\/wp\/v2\/categories?post=4890"},{"taxonomy":"post_tag","embeddable":true,"href":"https:\/\/oasisfm935.com.ar\/site\/wp-json\/wp\/v2\/tags?post=4890"}],"curies":[{"name":"wp","href":"https:\/\/api.w.org\/{rel}","templated":true}]}}