{"id":4897,"date":"2020-06-01T18:03:35","date_gmt":"2020-06-01T21:03:35","guid":{"rendered":"http:\/\/oasisfm935.com\/site\/?p=4897"},"modified":"2020-06-01T18:03:35","modified_gmt":"2020-06-01T21:03:35","slug":"dia-del-bombero-el-cuartel-de-bomberos-de-ingeniero-luiggi-invitan-a-los-vecinos-a-decorar-sus-frentes-color-rojo-amarillo-o-naranja","status":"publish","type":"post","link":"https:\/\/oasisfm935.com.ar\/site\/dia-del-bombero-el-cuartel-de-bomberos-de-ingeniero-luiggi-invitan-a-los-vecinos-a-decorar-sus-frentes-color-rojo-amarillo-o-naranja\/","title":{"rendered":"D\u00eda del Bombero el cuartel de bomberos de Ingeniero Luiggi invitan a los vecinos a decorar sus frentes color rojo, amarillo o naranja ."},"content":{"rendered":"<p><strong>Este martes 2 de junio se celebra en todo el pa\u00eds el D\u00eda del Bombero Voluntario, y desde el Cuartel de Bomberos de Ingeniero Luiggi, invitan a los vecinos a sumarse a este festejo de manera simb\u00f3lica.<\/strong><\/p>\n<p><strong>Fm oasis dialog\u00f3 con el SubJefe del cuartel de Bomberos Voluntarios de Ingeniero Luiggi<\/strong>, <em>Sebasti\u00e1n Handam, quien cont\u00f3 que, va a ser un 2 de junio para todos los bomberos en Argentina at\u00edpico porque dada las restricciones y la situaci\u00f3n que se est\u00e1 viviendo no se va hacer un festejo normal.<\/em><\/p>\n<blockquote>\n<div>\u00a0Si cabe destacar que el d\u00eda martes a las 17:30 la Federaci\u00f3n de Bomberos de La Pampa convoco a todos los cuarteles a ser un toque de sirena.<\/div>\n<\/blockquote>\n<div><\/div>\n<div>\u00a0 <em>Por el momento va hacer un simple acto, no se van a juntar bomberos, no se va a juntar gente, puede haber 2 0 3 bomberos nada m\u00e1s para hacer un saludo hacia la bandera.<\/em><\/div>\n<div><\/div>\n<div><strong>Tambi\u00e9n Hilda Luna bombera de Ingeniero Luiggi, nos comenta<\/strong> <em>que como estamos en tiempo dif\u00edciles, como los que estamos pasando ahora, esta bueno que demostremos que aunque estemos separados, estamos cerca. Por eso queremos invitarte a que vistas tu casa con globos, cintas o mo\u00f1os de colar naranja, amarillo o rojo; esperaremos que los vecinos se sumen.\u00a0<\/em><\/div>\n<div><\/div>\n<div>\n<div style=\"width: 640px;\" class=\"wp-video\"><video class=\"wp-video-shortcode\" id=\"video-4897-1\" width=\"640\" height=\"352\" preload=\"metadata\" controls=\"controls\"><source type=\"video\/mp4\" src=\"http:\/\/oasisfm935.com\/site\/wp-content\/uploads\/2020\/06\/WhatsApp-Video-2020-06-01-at-16.36.45.mp4?_=1\" \/><a href=\"http:\/\/oasisfm935.com\/site\/wp-content\/uploads\/2020\/06\/WhatsApp-Video-2020-06-01-at-16.36.45.mp4\">http:\/\/oasisfm935.com\/site\/wp-content\/uploads\/2020\/06\/WhatsApp-Video-2020-06-01-at-16.36.45.mp4<\/a><\/video><\/div>\n<\/div>\n<div><\/div>\n<div class=\"oasis-despues-del-contenido\" id=\"oasis-3758872610\"><img loading=\"lazy\" decoding=\"async\" src=\"https:\/\/oasisfm935.com.ar\/site\/wp-content\/uploads\/2020\/08\/47806202-8741-49f2-a5c9-d2f930e5baa1.jpg\" alt=\"\"  srcset=\"https:\/\/oasisfm935.com.ar\/site\/wp-content\/uploads\/2020\/08\/47806202-8741-49f2-a5c9-d2f930e5baa1.jpg 1080w, https:\/\/oasisfm935.com.ar\/site\/wp-content\/uploads\/2020\/08\/47806202-8741-49f2-a5c9-d2f930e5baa1-300x300.jpg 300w, https:\/\/oasisfm935.com.ar\/site\/wp-content\/uploads\/2020\/08\/47806202-8741-49f2-a5c9-d2f930e5baa1-1024x1024.jpg 1024w, https:\/\/oasisfm935.com.ar\/site\/wp-content\/uploads\/2020\/08\/47806202-8741-49f2-a5c9-d2f930e5baa1-150x150.jpg 150w, https:\/\/oasisfm935.com.ar\/site\/wp-content\/uploads\/2020\/08\/47806202-8741-49f2-a5c9-d2f930e5baa1-768x768.jpg 768w\" sizes=\"(max-width: 1080px) 100vw, 1080px\" class=\"no-lazyload\" width=\"1080\" height=\"1080\"  style=\"display: inline-block;\" \/><\/div>","protected":false},"excerpt":{"rendered":"<p>Este martes 2 de junio se celebra en todo el pa\u00eds el D\u00eda del Bombero Voluntario, y desde el Cuartel de Bomberos<\/p>\n","protected":false},"author":4,"featured_media":4899,"comment_status":"closed","ping_status":"open","sticky":false,"template":"","format":"standard","meta":{"colormag_page_layout":"default_layout","footnotes":""},"categories":[2],"tags":[],"class_list":["post-4897","post","type-post","status-publish","format-standard","has-post-thumbnail","hentry","category-noticias"],"_links":{"self":[{"href":"https:\/\/oasisfm935.com.ar\/site\/wp-json\/wp\/v2\/posts\/4897","targetHints":{"allow":["GET"]}}],"collection":[{"href":"https:\/\/oasisfm935.com.ar\/site\/wp-json\/wp\/v2\/posts"}],"about":[{"href":"https:\/\/oasisfm935.com.ar\/site\/wp-json\/wp\/v2\/types\/post"}],"author":[{"embeddable":true,"href":"https:\/\/oasisfm935.com.ar\/site\/wp-json\/wp\/v2\/users\/4"}],"replies":[{"embeddable":true,"href":"https:\/\/oasisfm935.com.ar\/site\/wp-json\/wp\/v2\/comments?post=4897"}],"version-history":[{"count":1,"href":"https:\/\/oasisfm935.com.ar\/site\/wp-json\/wp\/v2\/posts\/4897\/revisions"}],"predecessor-version":[{"id":4900,"href":"https:\/\/oasisfm935.com.ar\/site\/wp-json\/wp\/v2\/posts\/4897\/revisions\/4900"}],"wp:featuredmedia":[{"embeddable":true,"href":"https:\/\/oasisfm935.com.ar\/site\/wp-json\/wp\/v2\/media\/4899"}],"wp:attachment":[{"href":"https:\/\/oasisfm935.com.ar\/site\/wp-json\/wp\/v2\/media?parent=4897"}],"wp:term":[{"taxonomy":"category","embeddable":true,"href":"https:\/\/oasisfm935.com.ar\/site\/wp-json\/wp\/v2\/categories?post=4897"},{"taxonomy":"post_tag","embeddable":true,"href":"https:\/\/oasisfm935.com.ar\/site\/wp-json\/wp\/v2\/tags?post=4897"}],"curies":[{"name":"wp","href":"https:\/\/api.w.org\/{rel}","templated":true}]}}