{"id":4909,"date":"2020-06-02T09:35:00","date_gmt":"2020-06-02T12:35:00","guid":{"rendered":"http:\/\/oasisfm935.com\/site\/?p=4909"},"modified":"2020-06-02T09:38:16","modified_gmt":"2020-06-02T12:38:16","slug":"el-gobernador-de-san-luis-y-su-comite-de-crisis-llegan-hoy-a-la-pampa","status":"publish","type":"post","link":"https:\/\/oasisfm935.com.ar\/site\/el-gobernador-de-san-luis-y-su-comite-de-crisis-llegan-hoy-a-la-pampa\/","title":{"rendered":"El gobernador de San Luis y su Comit\u00e9 de Crisis llegan hoy a La Pampa"},"content":{"rendered":"<p>El gobernador de San Luis,\u00a0<strong>Alberto Rodr\u00edguez Sa\u00e1<\/strong>, llegar\u00e1 este martes a Santa Rosa donde se reunir\u00e1 con el mandatario pampeano\u00a0<strong>Sergio Ziliotto<\/strong>\u00a0en un encuentro en el que analizar\u00e1n distintos \u00edtems que hacen a la actualidad de ambos distritos, informaron desde la Agencia de Noticias San Luis.<\/p>\n<p>Rodr\u00edguez Sa\u00e1 llegar\u00e1 junto a una parte del Comit\u00e9 de Crisis: ir\u00e1n la jefa de Gabinete, Natalia Zabala Chacur, la ministra de Salud, Silvia Sosa Araujo y la titular del Comit\u00e9 de Crisis, Mar\u00eda Jos\u00e9 Zangl\u00e1.<\/p>\n<p>\u201cYa firmamos toda la documentaci\u00f3n para poder viajar a La Pampa, que tiene la misma situaci\u00f3n que nosotros. Est\u00e1 libre en cuanto a la circulaci\u00f3n del virus y tiene las altas hospitalarias de los casos que fueron confirmados\u201d, indic\u00f3 el mandatario.<\/p>\n<p>\u201cIr\u00e1 una delegaci\u00f3n a la reuni\u00f3n programada, desde la semana pasada, para dialogar con sus pares de esa provincia. Viajaremos este martes y, si todo sale bien, daremos una conferencia de prensa entre los dos gobernadores y el Comit\u00e9 de Crisis, a las 18:30, aproximadamente. Ojal\u00e1 la reuni\u00f3n resulte beneficiosa para los pueblos de La Pampa y San Luis\u201d, destac\u00f3 el gobernador puntano.<\/p>\n<div class=\"oasis-despues-del-contenido\" id=\"oasis-1410929106\"><img loading=\"lazy\" decoding=\"async\" src=\"https:\/\/oasisfm935.com.ar\/site\/wp-content\/uploads\/2020\/08\/47806202-8741-49f2-a5c9-d2f930e5baa1.jpg\" alt=\"\"  srcset=\"https:\/\/oasisfm935.com.ar\/site\/wp-content\/uploads\/2020\/08\/47806202-8741-49f2-a5c9-d2f930e5baa1.jpg 1080w, https:\/\/oasisfm935.com.ar\/site\/wp-content\/uploads\/2020\/08\/47806202-8741-49f2-a5c9-d2f930e5baa1-300x300.jpg 300w, https:\/\/oasisfm935.com.ar\/site\/wp-content\/uploads\/2020\/08\/47806202-8741-49f2-a5c9-d2f930e5baa1-1024x1024.jpg 1024w, https:\/\/oasisfm935.com.ar\/site\/wp-content\/uploads\/2020\/08\/47806202-8741-49f2-a5c9-d2f930e5baa1-150x150.jpg 150w, https:\/\/oasisfm935.com.ar\/site\/wp-content\/uploads\/2020\/08\/47806202-8741-49f2-a5c9-d2f930e5baa1-768x768.jpg 768w\" sizes=\"(max-width: 1080px) 100vw, 1080px\" class=\"no-lazyload\" width=\"1080\" height=\"1080\"  style=\"display: inline-block;\" \/><\/div>","protected":false},"excerpt":{"rendered":"<p>El gobernador de San Luis,\u00a0Alberto Rodr\u00edguez Sa\u00e1, llegar\u00e1 este martes a Santa Rosa donde se reunir\u00e1 con el mandatario pampeano\u00a0Sergio Ziliotto\u00a0en un<\/p>\n","protected":false},"author":4,"featured_media":4910,"comment_status":"closed","ping_status":"open","sticky":false,"template":"","format":"standard","meta":{"colormag_page_layout":"default_layout","footnotes":""},"categories":[2],"tags":[],"class_list":["post-4909","post","type-post","status-publish","format-standard","has-post-thumbnail","hentry","category-noticias"],"_links":{"self":[{"href":"https:\/\/oasisfm935.com.ar\/site\/wp-json\/wp\/v2\/posts\/4909","targetHints":{"allow":["GET"]}}],"collection":[{"href":"https:\/\/oasisfm935.com.ar\/site\/wp-json\/wp\/v2\/posts"}],"about":[{"href":"https:\/\/oasisfm935.com.ar\/site\/wp-json\/wp\/v2\/types\/post"}],"author":[{"embeddable":true,"href":"https:\/\/oasisfm935.com.ar\/site\/wp-json\/wp\/v2\/users\/4"}],"replies":[{"embeddable":true,"href":"https:\/\/oasisfm935.com.ar\/site\/wp-json\/wp\/v2\/comments?post=4909"}],"version-history":[{"count":1,"href":"https:\/\/oasisfm935.com.ar\/site\/wp-json\/wp\/v2\/posts\/4909\/revisions"}],"predecessor-version":[{"id":4911,"href":"https:\/\/oasisfm935.com.ar\/site\/wp-json\/wp\/v2\/posts\/4909\/revisions\/4911"}],"wp:featuredmedia":[{"embeddable":true,"href":"https:\/\/oasisfm935.com.ar\/site\/wp-json\/wp\/v2\/media\/4910"}],"wp:attachment":[{"href":"https:\/\/oasisfm935.com.ar\/site\/wp-json\/wp\/v2\/media?parent=4909"}],"wp:term":[{"taxonomy":"category","embeddable":true,"href":"https:\/\/oasisfm935.com.ar\/site\/wp-json\/wp\/v2\/categories?post=4909"},{"taxonomy":"post_tag","embeddable":true,"href":"https:\/\/oasisfm935.com.ar\/site\/wp-json\/wp\/v2\/tags?post=4909"}],"curies":[{"name":"wp","href":"https:\/\/api.w.org\/{rel}","templated":true}]}}