{"id":4912,"date":"2020-06-02T10:31:22","date_gmt":"2020-06-02T13:31:22","guid":{"rendered":"http:\/\/oasisfm935.com\/site\/?p=4912"},"modified":"2020-06-02T10:53:39","modified_gmt":"2020-06-02T13:53:39","slug":"el-viernes-llega-alberto-fernandez-a-la-pampa","status":"publish","type":"post","link":"https:\/\/oasisfm935.com.ar\/site\/el-viernes-llega-alberto-fernandez-a-la-pampa\/","title":{"rendered":"El viernes llega Alberto Fern\u00e1ndez a La Pampa"},"content":{"rendered":"<p>El presidente de la Naci\u00f3n,\u00a0<strong>Alberto Fern\u00e1ndez<\/strong>, llegar\u00e1 este viernes la provincia de\u00a0<strong>La Pampa<\/strong>\u00a0en el marco de un viaje a la regi\u00f3n patag\u00f3nica que concluir\u00e1 en la provincia de Neuqu\u00e9n.<\/p>\n<p>Seg\u00fan comunic\u00f3 el Gobierno pampeno, durante su estad\u00eda en la provincia<strong>\u00a0desarrollar\u00e1 actividades oficiales<\/strong>\u00a0junto al gobernador\u00a0<strong>Sergio Ziliotto<\/strong>.<\/p>\n<p>Es la primera visita, como presidente, de Alberto Fern\u00e1ndez a la provincia. El jefe de Estado, a casi dos meses y medio del inicio de la cuarentena, comenz\u00f3 a\u00a0<strong>flexibilizar su actividad para intentar mostrar gesti\u00f3n y retomar el v\u00ednculo mano a mano con los gobernadores. La semana pasada ya estuvo en Misiones y Formosa.<br \/>\n<\/strong><\/p>\n<p>Hasta el momento, la provincia registra 5 positivos -todos casos importados-, que ya se recuperaron. Ayer los pampeanos comenzaron a transitar hoy la denominada \u00abfase 5\u00bb del aislamiento social, preventivo y obligatorio, con la reactivaci\u00f3n de casi la totalidad de las actividades profesionales, comerciales e industriales con horarios reducidos y protocolos sanitarios.<\/p>\n<div class=\"oasis-despues-del-contenido\" id=\"oasis-1825962128\"><img loading=\"lazy\" decoding=\"async\" src=\"https:\/\/oasisfm935.com.ar\/site\/wp-content\/uploads\/2020\/08\/47806202-8741-49f2-a5c9-d2f930e5baa1.jpg\" alt=\"\"  srcset=\"https:\/\/oasisfm935.com.ar\/site\/wp-content\/uploads\/2020\/08\/47806202-8741-49f2-a5c9-d2f930e5baa1.jpg 1080w, https:\/\/oasisfm935.com.ar\/site\/wp-content\/uploads\/2020\/08\/47806202-8741-49f2-a5c9-d2f930e5baa1-300x300.jpg 300w, https:\/\/oasisfm935.com.ar\/site\/wp-content\/uploads\/2020\/08\/47806202-8741-49f2-a5c9-d2f930e5baa1-1024x1024.jpg 1024w, https:\/\/oasisfm935.com.ar\/site\/wp-content\/uploads\/2020\/08\/47806202-8741-49f2-a5c9-d2f930e5baa1-150x150.jpg 150w, https:\/\/oasisfm935.com.ar\/site\/wp-content\/uploads\/2020\/08\/47806202-8741-49f2-a5c9-d2f930e5baa1-768x768.jpg 768w\" sizes=\"(max-width: 1080px) 100vw, 1080px\" class=\"no-lazyload\" width=\"1080\" height=\"1080\"  style=\"display: inline-block;\" \/><\/div>","protected":false},"excerpt":{"rendered":"<p>El presidente de la Naci\u00f3n,\u00a0Alberto Fern\u00e1ndez, llegar\u00e1 este viernes la provincia de\u00a0La Pampa\u00a0en el marco de un viaje a la regi\u00f3n patag\u00f3nica<\/p>\n","protected":false},"author":4,"featured_media":4913,"comment_status":"closed","ping_status":"open","sticky":false,"template":"","format":"standard","meta":{"colormag_page_layout":"default_layout","footnotes":""},"categories":[2],"tags":[],"class_list":["post-4912","post","type-post","status-publish","format-standard","has-post-thumbnail","hentry","category-noticias"],"_links":{"self":[{"href":"https:\/\/oasisfm935.com.ar\/site\/wp-json\/wp\/v2\/posts\/4912","targetHints":{"allow":["GET"]}}],"collection":[{"href":"https:\/\/oasisfm935.com.ar\/site\/wp-json\/wp\/v2\/posts"}],"about":[{"href":"https:\/\/oasisfm935.com.ar\/site\/wp-json\/wp\/v2\/types\/post"}],"author":[{"embeddable":true,"href":"https:\/\/oasisfm935.com.ar\/site\/wp-json\/wp\/v2\/users\/4"}],"replies":[{"embeddable":true,"href":"https:\/\/oasisfm935.com.ar\/site\/wp-json\/wp\/v2\/comments?post=4912"}],"version-history":[{"count":3,"href":"https:\/\/oasisfm935.com.ar\/site\/wp-json\/wp\/v2\/posts\/4912\/revisions"}],"predecessor-version":[{"id":4916,"href":"https:\/\/oasisfm935.com.ar\/site\/wp-json\/wp\/v2\/posts\/4912\/revisions\/4916"}],"wp:featuredmedia":[{"embeddable":true,"href":"https:\/\/oasisfm935.com.ar\/site\/wp-json\/wp\/v2\/media\/4913"}],"wp:attachment":[{"href":"https:\/\/oasisfm935.com.ar\/site\/wp-json\/wp\/v2\/media?parent=4912"}],"wp:term":[{"taxonomy":"category","embeddable":true,"href":"https:\/\/oasisfm935.com.ar\/site\/wp-json\/wp\/v2\/categories?post=4912"},{"taxonomy":"post_tag","embeddable":true,"href":"https:\/\/oasisfm935.com.ar\/site\/wp-json\/wp\/v2\/tags?post=4912"}],"curies":[{"name":"wp","href":"https:\/\/api.w.org\/{rel}","templated":true}]}}