{"id":4926,"date":"2020-06-02T17:33:32","date_gmt":"2020-06-02T20:33:32","guid":{"rendered":"http:\/\/oasisfm935.com\/site\/?p=4926"},"modified":"2020-06-02T19:04:10","modified_gmt":"2020-06-02T22:04:10","slug":"desde-la-urc-ven-con-agrado-la-visita-del-presidente-pero-piden-que-la-comitiva-presidencial-haga-la-cuarentena-al-ingresar-a-la-pampa","status":"publish","type":"post","link":"https:\/\/oasisfm935.com.ar\/site\/desde-la-urc-ven-con-agrado-la-visita-del-presidente-pero-piden-que-la-comitiva-presidencial-haga-la-cuarentena-al-ingresar-a-la-pampa\/","title":{"rendered":"Desde la UCR ven con \u201cagrado\u201d la visita del Presidente, pero piden que la comitiva presidencial haga la cuarentena al ingresar a La Pampa"},"content":{"rendered":"<p>Desde el Comit\u00e9 Provincia de La Pampa de la Uni\u00f3n C\u00edvica Radical ven con \u201ctotal agrado la visita del Se\u00f1or Presidente de la Naci\u00f3n Dr. Alberto Fern\u00e1ndez\u201d, pero\u00a0 piden que el Gobierno de La Pampa informe a la ciudadanos \u201ccu\u00e1les ser\u00e1n las obligaciones de las personas que ingresen en la comitiva Presidencial\u201d.<\/p>\n<p>B\u00e1sicamente lo que quieren desde la \u201cMesa Directiva Comit\u00e9 Provincia Uni\u00f3n C\u00edvica Radical\u201d es que la comitiva Presidencial haga la cuarentena al ingresar a La Pampa.<\/p>\n<p>\u201cLos ciudadanos ven restringida su saluda e ingreso a La Pampa. D\u00edas pasados se bloquearon siete puestos camineros impidiendo el tr\u00e1nsito entre localidades vecinas con todos los inconvenientes que ello conlleva. Cada trabajador que necesita por sus funciones salir o ingresar a la provincia, o hasta nuestros mismos legisladores nacionales, deben dar cumplimiento al decreto que rige en la actualidad\u201d, dicen desde la UCR La Pampa cuyo presidente es Julio \u201cTito\u201d Pech\u00edn.<\/p>\n<p>\u201cEl mismo obliga a cualquier ciudadano a cumplir 14 d\u00edas de aislamiento en el ingreso o regreso a la provincia de La Pampa\u201d, aclararon dicen que \u201cdesde nuestro partido siempre hemos bregado por la Rep\u00fablica, donde todos los poderes del Estado cumplan con su rol fundamental en estos tiempos que estamos atravesando\u201d.<\/p>\n<p>\u201cTodos los habitantes tenemos el mismo Derecho, la Ley debe ser pareja y es por ese motivo entendemos se debe informar a la ciudadan\u00eda, la cual ha cumplido de manera eficaz con lo decretado por el gobierno provincial, cu\u00e1les ser\u00e1n las obligaciones de las personas que ingresen en la comitiva Presidencial\u201d.<\/p>\n<p>Para finalizar el comunicado, la UCR le dice \u201cBienvenido Se\u00f1or Presidente\u201d.<\/p>\n<p>Info Pico<\/p>\n<div class=\"oasis-despues-del-contenido\" id=\"oasis-1774159431\"><img loading=\"lazy\" decoding=\"async\" src=\"https:\/\/oasisfm935.com.ar\/site\/wp-content\/uploads\/2020\/08\/47806202-8741-49f2-a5c9-d2f930e5baa1.jpg\" alt=\"\"  srcset=\"https:\/\/oasisfm935.com.ar\/site\/wp-content\/uploads\/2020\/08\/47806202-8741-49f2-a5c9-d2f930e5baa1.jpg 1080w, https:\/\/oasisfm935.com.ar\/site\/wp-content\/uploads\/2020\/08\/47806202-8741-49f2-a5c9-d2f930e5baa1-300x300.jpg 300w, https:\/\/oasisfm935.com.ar\/site\/wp-content\/uploads\/2020\/08\/47806202-8741-49f2-a5c9-d2f930e5baa1-1024x1024.jpg 1024w, https:\/\/oasisfm935.com.ar\/site\/wp-content\/uploads\/2020\/08\/47806202-8741-49f2-a5c9-d2f930e5baa1-150x150.jpg 150w, https:\/\/oasisfm935.com.ar\/site\/wp-content\/uploads\/2020\/08\/47806202-8741-49f2-a5c9-d2f930e5baa1-768x768.jpg 768w\" sizes=\"(max-width: 1080px) 100vw, 1080px\" class=\"no-lazyload\" width=\"1080\" height=\"1080\"  style=\"display: inline-block;\" \/><\/div>","protected":false},"excerpt":{"rendered":"<p>Desde el Comit\u00e9 Provincia de La Pampa de la Uni\u00f3n C\u00edvica Radical ven con \u201ctotal agrado la visita del Se\u00f1or Presidente de<\/p>\n","protected":false},"author":4,"featured_media":4927,"comment_status":"closed","ping_status":"open","sticky":false,"template":"","format":"standard","meta":{"colormag_page_layout":"default_layout","footnotes":""},"categories":[2],"tags":[],"class_list":["post-4926","post","type-post","status-publish","format-standard","has-post-thumbnail","hentry","category-noticias"],"_links":{"self":[{"href":"https:\/\/oasisfm935.com.ar\/site\/wp-json\/wp\/v2\/posts\/4926","targetHints":{"allow":["GET"]}}],"collection":[{"href":"https:\/\/oasisfm935.com.ar\/site\/wp-json\/wp\/v2\/posts"}],"about":[{"href":"https:\/\/oasisfm935.com.ar\/site\/wp-json\/wp\/v2\/types\/post"}],"author":[{"embeddable":true,"href":"https:\/\/oasisfm935.com.ar\/site\/wp-json\/wp\/v2\/users\/4"}],"replies":[{"embeddable":true,"href":"https:\/\/oasisfm935.com.ar\/site\/wp-json\/wp\/v2\/comments?post=4926"}],"version-history":[{"count":2,"href":"https:\/\/oasisfm935.com.ar\/site\/wp-json\/wp\/v2\/posts\/4926\/revisions"}],"predecessor-version":[{"id":4929,"href":"https:\/\/oasisfm935.com.ar\/site\/wp-json\/wp\/v2\/posts\/4926\/revisions\/4929"}],"wp:featuredmedia":[{"embeddable":true,"href":"https:\/\/oasisfm935.com.ar\/site\/wp-json\/wp\/v2\/media\/4927"}],"wp:attachment":[{"href":"https:\/\/oasisfm935.com.ar\/site\/wp-json\/wp\/v2\/media?parent=4926"}],"wp:term":[{"taxonomy":"category","embeddable":true,"href":"https:\/\/oasisfm935.com.ar\/site\/wp-json\/wp\/v2\/categories?post=4926"},{"taxonomy":"post_tag","embeddable":true,"href":"https:\/\/oasisfm935.com.ar\/site\/wp-json\/wp\/v2\/tags?post=4926"}],"curies":[{"name":"wp","href":"https:\/\/api.w.org\/{rel}","templated":true}]}}