{"id":4931,"date":"2020-06-02T19:30:09","date_gmt":"2020-06-02T22:30:09","guid":{"rendered":"http:\/\/oasisfm935.com\/site\/?p=4931"},"modified":"2020-06-02T19:43:03","modified_gmt":"2020-06-02T22:43:03","slug":"cuarentena-san-luis-y-la-pampa-acordaron-el-libre-paso-entre-ambas-provincias","status":"publish","type":"post","link":"https:\/\/oasisfm935.com.ar\/site\/cuarentena-san-luis-y-la-pampa-acordaron-el-libre-paso-entre-ambas-provincias\/","title":{"rendered":"Cuarentena: San Luis y La Pampa acordaron el libre paso entre ambas provincias"},"content":{"rendered":"<p>Los gobernadores\u00a0<strong>Sergio Ziliotto\u00a0<\/strong>y\u00a0<strong>Alberto Rodr\u00edguez Sa\u00e1<\/strong>\u00a0firmaron un convenio para permitir que, en medio de la cuarentena por el coronavirus Covid-19, se permitir\u00e1 ahora el \u201clibre paso\u201d de vecinos entre La Pampa y San Luis. De esta manera,\u00a0<strong>ni los pampeanos ni los puntanos que pretendan ingresar a alguna de ambas provincias deber\u00e1 cumplir con el aislamiento estricto de 14 d\u00edas<\/strong>.<\/p>\n<p>Este acuerdo se da en el marco del llamado Tratado del Cald\u00e9n, firmado hace un par de a\u00f1os entre ambas provincias. \u00abRealmente es un orgullo recibir a un amigo\u00bb, le dijo el mandatario provincial a Rodr\u00edguez Sa\u00e1. \u00abIncorporamos un nuevo eslab\u00f3n a esta cadena de integraci\u00f3n, que vos pusiste en marcha junto a nuestro Carlos Verna\u00bb, sostuvo.<\/p>\n<p>\u00abTenemos un estatus en com\u00fan, un patrimonio en com\u00fan, con<strong>\u00a0tres elementos clave: un Estado presente, m\u00e1s de 50 d\u00edas sin casos positivos y por supuesto, lo que m\u00e1s valoramos y reconocemos, es haber logrado una important\u00edsima conciencia social de la poblaci\u00f3n<\/strong>\u00ab, dijo Ziliotto.<\/p>\n<p><strong>Resalt\u00f3 el \u00abmodelo San Luis\u00bb que llevan adelante los Rodr\u00edguez Sa\u00e1. \u00abEs admiraci\u00f3n que tienen los pampeanos\u00bb, le tir\u00f3 flores.<\/strong><\/p>\n<p>De esta manera, con este acuerdo,\u00a0<strong>comienza a flexibilizarse a\u00fan m\u00e1s la cuarentena: La Pampa y San Luis fueron dos de las provincias del pa\u00eds que m\u00e1s cerraron sus l\u00edmites cuando se inici\u00f3 la pandemia<\/strong>.<\/p>\n<p>Nuestra provincia, incluso, prohibi\u00f3 el paso de vecinos de todas las otras provincias: solo permiti\u00f3 el paso en casos excepcionales. Lo mismo pas\u00f3 en San Luis. Incluso en los \u00faltimos d\u00edas hubo serios incidentes en su l\u00edmite con C\u00f3rdoba, donde hay casos positivos de Covid-19: un centenar de vecinos de la<b>\u00a0Villa de Merlo<\/b>, situada a unos 278 kil\u00f3metros de la capital de San Luis, derribaron en medio de una protesta un mont\u00edculo de tierra y piedras con el que se aisl\u00f3 a esa localidad de su vecina cordobesa\u00a0<b>La Paz<\/b>, luego de que una persona muriera en un confuso episodio en la barricada.<\/p>\n<p>\u201cEstoy recontento, refeliz de estar ac\u00e1\u201d, dijo, a su turno, el puntano. \u201cHoy firmamos como que abrimos la frontera, algo dif\u00edcil, y despu\u00e9s ni hay que hacer la cuarentena\u201d, sostuvo. \u201cLa Pampa nos dice, puntanos, ustedes no deben hacer la cuarentena. Y al rev\u00e9s, los pampeanos no deber\u00e1n hacer la cuarentena, podr\u00e1n ingresar a San Luis y volver a La Pampa\u201d.<\/p>\n<p>Tambi\u00e9n record\u00f3 que tiene lazos con La Pampa: los Sa\u00e1 tienen sangre ranquel, a trav\u00e9s de una hija del gran Pinc\u00e9n. \u00abMi bisabuela fue india y tengo un gran respeto y orgullo de tener sangre ranquel\u00bb, sostuvo. \u00abEsta tierra pertenece a mi historia. Siempre me siento muy unido al sur del San Luis y al norte de La Pampa\u00bb, dijo, en referencia a la Dinast\u00eda de los Zorros.<\/p>\n<p><strong>\u00abLos puntanos admiramos a La Pampa\u00bb, devolvi\u00f3 gentileza.<\/strong>\u00a0\u00abSiempre, como una escuela de administraci\u00f3n, manejaron los presupuestos. No es una provincia que se adeuda\u00bb.<\/p>\n<p>\u00abSiempre segu\u00ed qu\u00e9 salarios paga La Pampa. Eso requiere disciplina y escuela de administraci\u00f3n. Seguimos la obra p\u00fablica, la cultura, el deporte y el Banco de La Pampa. Despierta nuestra admiraci\u00f3n\u00bb, sostuvo.<\/p>\n<p>Tambi\u00e9n record\u00f3 a los exgobernadores Rub\u00e9n Mar\u00edn y Carlos Verna y a los senadores Pedro Conchez (PJ) y Antonio Tom\u00e1s Berhongaray (UCR).<\/p>\n<p>&nbsp;<\/p>\n<p>&nbsp;<\/p>\n<div class=\"oasis-despues-del-contenido\" id=\"oasis-586177507\"><img loading=\"lazy\" decoding=\"async\" src=\"https:\/\/oasisfm935.com.ar\/site\/wp-content\/uploads\/2020\/08\/47806202-8741-49f2-a5c9-d2f930e5baa1.jpg\" alt=\"\"  srcset=\"https:\/\/oasisfm935.com.ar\/site\/wp-content\/uploads\/2020\/08\/47806202-8741-49f2-a5c9-d2f930e5baa1.jpg 1080w, https:\/\/oasisfm935.com.ar\/site\/wp-content\/uploads\/2020\/08\/47806202-8741-49f2-a5c9-d2f930e5baa1-300x300.jpg 300w, https:\/\/oasisfm935.com.ar\/site\/wp-content\/uploads\/2020\/08\/47806202-8741-49f2-a5c9-d2f930e5baa1-1024x1024.jpg 1024w, https:\/\/oasisfm935.com.ar\/site\/wp-content\/uploads\/2020\/08\/47806202-8741-49f2-a5c9-d2f930e5baa1-150x150.jpg 150w, https:\/\/oasisfm935.com.ar\/site\/wp-content\/uploads\/2020\/08\/47806202-8741-49f2-a5c9-d2f930e5baa1-768x768.jpg 768w\" sizes=\"(max-width: 1080px) 100vw, 1080px\" class=\"no-lazyload\" width=\"1080\" height=\"1080\"  style=\"display: inline-block;\" \/><\/div>","protected":false},"excerpt":{"rendered":"<p>Los gobernadores\u00a0Sergio Ziliotto\u00a0y\u00a0Alberto Rodr\u00edguez Sa\u00e1\u00a0firmaron un convenio para permitir que, en medio de la cuarentena por el coronavirus Covid-19, se permitir\u00e1 ahora<\/p>\n","protected":false},"author":4,"featured_media":4932,"comment_status":"closed","ping_status":"open","sticky":false,"template":"","format":"standard","meta":{"colormag_page_layout":"default_layout","footnotes":""},"categories":[2],"tags":[],"class_list":["post-4931","post","type-post","status-publish","format-standard","has-post-thumbnail","hentry","category-noticias"],"_links":{"self":[{"href":"https:\/\/oasisfm935.com.ar\/site\/wp-json\/wp\/v2\/posts\/4931","targetHints":{"allow":["GET"]}}],"collection":[{"href":"https:\/\/oasisfm935.com.ar\/site\/wp-json\/wp\/v2\/posts"}],"about":[{"href":"https:\/\/oasisfm935.com.ar\/site\/wp-json\/wp\/v2\/types\/post"}],"author":[{"embeddable":true,"href":"https:\/\/oasisfm935.com.ar\/site\/wp-json\/wp\/v2\/users\/4"}],"replies":[{"embeddable":true,"href":"https:\/\/oasisfm935.com.ar\/site\/wp-json\/wp\/v2\/comments?post=4931"}],"version-history":[{"count":4,"href":"https:\/\/oasisfm935.com.ar\/site\/wp-json\/wp\/v2\/posts\/4931\/revisions"}],"predecessor-version":[{"id":4936,"href":"https:\/\/oasisfm935.com.ar\/site\/wp-json\/wp\/v2\/posts\/4931\/revisions\/4936"}],"wp:featuredmedia":[{"embeddable":true,"href":"https:\/\/oasisfm935.com.ar\/site\/wp-json\/wp\/v2\/media\/4932"}],"wp:attachment":[{"href":"https:\/\/oasisfm935.com.ar\/site\/wp-json\/wp\/v2\/media?parent=4931"}],"wp:term":[{"taxonomy":"category","embeddable":true,"href":"https:\/\/oasisfm935.com.ar\/site\/wp-json\/wp\/v2\/categories?post=4931"},{"taxonomy":"post_tag","embeddable":true,"href":"https:\/\/oasisfm935.com.ar\/site\/wp-json\/wp\/v2\/tags?post=4931"}],"curies":[{"name":"wp","href":"https:\/\/api.w.org\/{rel}","templated":true}]}}