{"id":50,"date":"2019-01-05T23:32:17","date_gmt":"2019-01-06T02:32:17","guid":{"rendered":"http:\/\/oasisfm935.com\/site\/?p=50"},"modified":"2019-01-08T12:30:10","modified_gmt":"2019-01-08T15:30:10","slug":"por-el-recorte-de-subsidios-dumas-tambien-redujo-las-frecuencias-de-sus-viajes","status":"publish","type":"post","link":"https:\/\/oasisfm935.com.ar\/site\/por-el-recorte-de-subsidios-dumas-tambien-redujo-las-frecuencias-de-sus-viajes\/","title":{"rendered":"Por el recorte de subsidios, Dumas tambi\u00e9n redujo las frecuencias de sus viajes"},"content":{"rendered":"<div class=\"itemIntroText\">\r\n<p><strong>El recorte de subsidios al transporte de pasajeros\u00a0 por parte de Naci\u00f3n se siente con fuerza en varias empresas de la provincia. Ahora Dumas tambi\u00e9n decidi\u00f3 reducir moment\u00e1neamente su frecuencia diaria a la espera de una reuni\u00f3n este mi\u00e9rcoles.<\/strong><\/p>\r\n<\/div>\r\n<div class=\"itemFullText\">\r\n<blockquote>\r\n<p>La empresa de colectivos Dumas tom\u00f3 unilateralmente la decisi\u00f3n de reducir, fuertemente, las frecuencias de sus viajes entre Santa Rosa y General Pico. Y lo hizo sin informarlo a los pasajeros.<\/p>\r\n<\/blockquote>\r\n<p>Argumentaron que es que es una medida \u201ctemporaria\u201d hasta el mi\u00e9rcoles 9, seg\u00fan dijeron informalmente empleados de la firma a Diario Textual.<\/p>\r\n<p>Esta decisi\u00f3n se produjo en medio de la decisi\u00f3n de Naci\u00f3n de retirar los subsidios al transporte.<\/p>\r\n<p><strong>\u201cSe espera una reuni\u00f3n para el mi\u00e9rcoles, donde se definir\u00e1 qu\u00e9 se hace\u201d<\/strong>, sostuvieron.<\/p>\r\n<blockquote>\r\n<p>Seg\u00fan\u00a0 trascendi\u00f3 -porque la empresa no lo\u00a0 comunic\u00f3 oficialmente, aunque\u00a0 s\u00ed lo hizo internamente a las terminales de \u00f3mnibus- la l\u00ednea Santa Rosa \u2013 Catril\u00f3 \u2013 Pico s\u00f3lo mantiene una frecuencia: la de las 6 de la ma\u00f1ana. Sac\u00f3 la del mediod\u00eda -que ten\u00eda los lunes, mi\u00e9rcoles, viernes y s\u00e1bado- y la de la noche.<\/p>\r\n<p><strong>En tanto, tambi\u00e9n retir\u00f3 al menos tres frecuencias entre Santa Rosa y Pico, pasando por Castex: la de la 9.15 horas, la de las 15.15 y la de las 21 horas. As\u00ed, quedaron la de las 6, 12.25, 18.10 y 20 horas.<\/strong><\/p>\r\n<\/blockquote>\r\n<p><strong>Una situaci\u00f3n similar anunciaron la empresa Allochis Bus de Ingeniero Luiggi que moment\u00e1neamente redujo su frecuencia diaria, a tres d\u00edas por semana y \u00a0Turismo General Pico SRL que, desde el primer d\u00eda del a\u00f1o adopt\u00f3 la misma decisi\u00f3n.<\/strong><\/p>\r\n<p>Fuente: www.zonalnoticia.com<\/p>\r\n<\/div>\r\n<div class=\"oasis-despues-del-contenido\" id=\"oasis-1724959717\"><img loading=\"lazy\" decoding=\"async\" src=\"https:\/\/oasisfm935.com.ar\/site\/wp-content\/uploads\/2020\/08\/47806202-8741-49f2-a5c9-d2f930e5baa1.jpg\" alt=\"\"  srcset=\"https:\/\/oasisfm935.com.ar\/site\/wp-content\/uploads\/2020\/08\/47806202-8741-49f2-a5c9-d2f930e5baa1.jpg 1080w, https:\/\/oasisfm935.com.ar\/site\/wp-content\/uploads\/2020\/08\/47806202-8741-49f2-a5c9-d2f930e5baa1-300x300.jpg 300w, https:\/\/oasisfm935.com.ar\/site\/wp-content\/uploads\/2020\/08\/47806202-8741-49f2-a5c9-d2f930e5baa1-1024x1024.jpg 1024w, https:\/\/oasisfm935.com.ar\/site\/wp-content\/uploads\/2020\/08\/47806202-8741-49f2-a5c9-d2f930e5baa1-150x150.jpg 150w, https:\/\/oasisfm935.com.ar\/site\/wp-content\/uploads\/2020\/08\/47806202-8741-49f2-a5c9-d2f930e5baa1-768x768.jpg 768w\" sizes=\"(max-width: 1080px) 100vw, 1080px\" class=\"no-lazyload\" width=\"1080\" height=\"1080\"  style=\"display: inline-block;\" \/><\/div>","protected":false},"excerpt":{"rendered":"<p>El recorte de subsidios al transporte de pasajeros\u00a0 por parte de Naci\u00f3n se siente con fuerza en varias empresas de la provincia.<\/p>\n","protected":false},"author":2,"featured_media":228,"comment_status":"closed","ping_status":"open","sticky":false,"template":"","format":"standard","meta":{"colormag_page_layout":"default_layout","footnotes":""},"categories":[2],"tags":[],"class_list":["post-50","post","type-post","status-publish","format-standard","has-post-thumbnail","hentry","category-noticias"],"_links":{"self":[{"href":"https:\/\/oasisfm935.com.ar\/site\/wp-json\/wp\/v2\/posts\/50","targetHints":{"allow":["GET"]}}],"collection":[{"href":"https:\/\/oasisfm935.com.ar\/site\/wp-json\/wp\/v2\/posts"}],"about":[{"href":"https:\/\/oasisfm935.com.ar\/site\/wp-json\/wp\/v2\/types\/post"}],"author":[{"embeddable":true,"href":"https:\/\/oasisfm935.com.ar\/site\/wp-json\/wp\/v2\/users\/2"}],"replies":[{"embeddable":true,"href":"https:\/\/oasisfm935.com.ar\/site\/wp-json\/wp\/v2\/comments?post=50"}],"version-history":[{"count":3,"href":"https:\/\/oasisfm935.com.ar\/site\/wp-json\/wp\/v2\/posts\/50\/revisions"}],"predecessor-version":[{"id":231,"href":"https:\/\/oasisfm935.com.ar\/site\/wp-json\/wp\/v2\/posts\/50\/revisions\/231"}],"wp:featuredmedia":[{"embeddable":true,"href":"https:\/\/oasisfm935.com.ar\/site\/wp-json\/wp\/v2\/media\/228"}],"wp:attachment":[{"href":"https:\/\/oasisfm935.com.ar\/site\/wp-json\/wp\/v2\/media?parent=50"}],"wp:term":[{"taxonomy":"category","embeddable":true,"href":"https:\/\/oasisfm935.com.ar\/site\/wp-json\/wp\/v2\/categories?post=50"},{"taxonomy":"post_tag","embeddable":true,"href":"https:\/\/oasisfm935.com.ar\/site\/wp-json\/wp\/v2\/tags?post=50"}],"curies":[{"name":"wp","href":"https:\/\/api.w.org\/{rel}","templated":true}]}}