{"id":5021,"date":"2020-06-06T21:48:03","date_gmt":"2020-06-07T00:48:03","guid":{"rendered":"http:\/\/oasisfm935.com\/site\/?p=5021"},"modified":"2020-06-06T21:48:03","modified_gmt":"2020-06-07T00:48:03","slug":"urgente-el-lunes-no-habra-cambios-de-flexibilizacion-en-la-pampa","status":"publish","type":"post","link":"https:\/\/oasisfm935.com.ar\/site\/urgente-el-lunes-no-habra-cambios-de-flexibilizacion-en-la-pampa\/","title":{"rendered":"URGENTE: El lunes no habr\u00e1 cambios de flexibilizaci\u00f3n en La Pampa"},"content":{"rendered":"<p>El Gobierno provincial inform\u00f3 que no se producir\u00e1n cambios en el esquema de restricciones en forma apresurada y sin an\u00e1lisis.<\/p>\n<p>En virtud de no haberse emitido a\u00fan el decreto del Gobierno Nacional con las nuevas medidas anunciadas el pasado jueves por el presidente Alberto Fern\u00e1ndez en relaci\u00f3n al COVID-19, La Pampa no cuenta con ning\u00fan elemento que establezca o amerite modificaciones.<\/p>\n<p>Una vez publicado el decreto, como metodolog\u00eda ya establecida, ser\u00e1 analizado por el Comit\u00e9 de Crisis y, de corresponder, se avanzar\u00e1 en la readecuaci\u00f3n de la legislaci\u00f3n provincial.<\/p>\n<p>As\u00ed, se comunicar\u00e1 previamente a su aplicaci\u00f3n.<\/p>\n<div class=\"oasis-despues-del-contenido\" id=\"oasis-565041668\"><img loading=\"lazy\" decoding=\"async\" src=\"https:\/\/oasisfm935.com.ar\/site\/wp-content\/uploads\/2020\/08\/47806202-8741-49f2-a5c9-d2f930e5baa1.jpg\" alt=\"\"  srcset=\"https:\/\/oasisfm935.com.ar\/site\/wp-content\/uploads\/2020\/08\/47806202-8741-49f2-a5c9-d2f930e5baa1.jpg 1080w, https:\/\/oasisfm935.com.ar\/site\/wp-content\/uploads\/2020\/08\/47806202-8741-49f2-a5c9-d2f930e5baa1-300x300.jpg 300w, https:\/\/oasisfm935.com.ar\/site\/wp-content\/uploads\/2020\/08\/47806202-8741-49f2-a5c9-d2f930e5baa1-1024x1024.jpg 1024w, https:\/\/oasisfm935.com.ar\/site\/wp-content\/uploads\/2020\/08\/47806202-8741-49f2-a5c9-d2f930e5baa1-150x150.jpg 150w, https:\/\/oasisfm935.com.ar\/site\/wp-content\/uploads\/2020\/08\/47806202-8741-49f2-a5c9-d2f930e5baa1-768x768.jpg 768w\" sizes=\"(max-width: 1080px) 100vw, 1080px\" class=\"no-lazyload\" width=\"1080\" height=\"1080\"  style=\"display: inline-block;\" \/><\/div>","protected":false},"excerpt":{"rendered":"<p>El Gobierno provincial inform\u00f3 que no se producir\u00e1n cambios en el esquema de restricciones en forma apresurada y sin an\u00e1lisis. En virtud<\/p>\n","protected":false},"author":4,"featured_media":5022,"comment_status":"closed","ping_status":"open","sticky":false,"template":"","format":"standard","meta":{"colormag_page_layout":"default_layout","footnotes":""},"categories":[2],"tags":[],"class_list":["post-5021","post","type-post","status-publish","format-standard","has-post-thumbnail","hentry","category-noticias"],"_links":{"self":[{"href":"https:\/\/oasisfm935.com.ar\/site\/wp-json\/wp\/v2\/posts\/5021","targetHints":{"allow":["GET"]}}],"collection":[{"href":"https:\/\/oasisfm935.com.ar\/site\/wp-json\/wp\/v2\/posts"}],"about":[{"href":"https:\/\/oasisfm935.com.ar\/site\/wp-json\/wp\/v2\/types\/post"}],"author":[{"embeddable":true,"href":"https:\/\/oasisfm935.com.ar\/site\/wp-json\/wp\/v2\/users\/4"}],"replies":[{"embeddable":true,"href":"https:\/\/oasisfm935.com.ar\/site\/wp-json\/wp\/v2\/comments?post=5021"}],"version-history":[{"count":1,"href":"https:\/\/oasisfm935.com.ar\/site\/wp-json\/wp\/v2\/posts\/5021\/revisions"}],"predecessor-version":[{"id":5023,"href":"https:\/\/oasisfm935.com.ar\/site\/wp-json\/wp\/v2\/posts\/5021\/revisions\/5023"}],"wp:featuredmedia":[{"embeddable":true,"href":"https:\/\/oasisfm935.com.ar\/site\/wp-json\/wp\/v2\/media\/5022"}],"wp:attachment":[{"href":"https:\/\/oasisfm935.com.ar\/site\/wp-json\/wp\/v2\/media?parent=5021"}],"wp:term":[{"taxonomy":"category","embeddable":true,"href":"https:\/\/oasisfm935.com.ar\/site\/wp-json\/wp\/v2\/categories?post=5021"},{"taxonomy":"post_tag","embeddable":true,"href":"https:\/\/oasisfm935.com.ar\/site\/wp-json\/wp\/v2\/tags?post=5021"}],"curies":[{"name":"wp","href":"https:\/\/api.w.org\/{rel}","templated":true}]}}