{"id":5024,"date":"2020-06-08T11:33:51","date_gmt":"2020-06-08T14:33:51","guid":{"rendered":"http:\/\/oasisfm935.com\/site\/?p=5024"},"modified":"2020-06-08T11:34:12","modified_gmt":"2020-06-08T14:34:12","slug":"la-oficina-de-anses-de-luiggi-comunico-la-modalidad-de-atencion-hasta-que-se-restablezca-la-atencion-al-publico","status":"publish","type":"post","link":"https:\/\/oasisfm935.com.ar\/site\/la-oficina-de-anses-de-luiggi-comunico-la-modalidad-de-atencion-hasta-que-se-restablezca-la-atencion-al-publico\/","title":{"rendered":"La oficina de Anses de Luiggi comunic\u00f3 la modalidad de atenci\u00f3n hasta que se restablezca la atenci\u00f3n al p\u00fablico"},"content":{"rendered":"<p>Desde la oficina de Anses de Ingeniero Luiggi informaron que por el momento se contin\u00faa atendiendo las consultas bajo la modalidad telef\u00f3nica o a trav\u00e9s de un correo electr\u00f3nico.<\/p>\n<p>Ante varias consultas recibidas,\u00a0<strong>Zonal Noticias<\/strong>\u00a0se comunic\u00f3 con la oficial del Anses de Ingeniero Luiggi, donde el personal comunic\u00f3 que \u201cla atenci\u00f3n contin\u00faa siendo en forma telef\u00f3nica\u201d.<\/p>\n<p>\u201cPor consultas o asesoramiento se pueden comunicar de lunes a viernes de 8 a 13 horas al tel\u00e9fono\u00a0<strong>02335-471210<\/strong>\u00a0o al correo electr\u00f3nico\u00a0<a href=\"mailto:oficinaingenieroluiggi@gmail.com\">oficinaingenieroluiggi@gmail.com<\/a>\u201d, explicaron desde Anses de Luiggi.<\/p>\n<p>En tanto para tr\u00e1mites se puede ingresar directamente a la p\u00e1gina de Anses \u00a0<a href=\"https:\/\/www.anses.gob.ar\/\">https:\/\/www.anses.gob.ar\/<\/a><\/p>\n<p><strong>Si bien se anunci\u00f3 que desde este lunes, las oficinas de la Administraci\u00f3n Nacional de la Seguridad Social en La Pampa retoman la atenci\u00f3n al p\u00fablico, esto comenz\u00f3 a implementarse en ciudades m\u00e1s grandes donde ya se adoptaron todas las medidas de seguridad.<\/strong><\/p>\n<p>\u201cEmpiezan por las ciudades, colocando las mamparas de protecci\u00f3n y dem\u00e1s medidas de seguridad para el personal y para quienes van a la oficina, esperemos que en los pr\u00f3ximos d\u00edas, instalen estos elementos de seguridad tambi\u00e9n en Luiggi as\u00ed se puede reanudar la atenci\u00f3n al p\u00fablico\u201d, explicaron.<\/p>\n<p>fuente: Zonal Noticias<\/p>\n<div class=\"oasis-despues-del-contenido\" id=\"oasis-3311165824\"><img loading=\"lazy\" decoding=\"async\" src=\"https:\/\/oasisfm935.com.ar\/site\/wp-content\/uploads\/2020\/08\/47806202-8741-49f2-a5c9-d2f930e5baa1.jpg\" alt=\"\"  srcset=\"https:\/\/oasisfm935.com.ar\/site\/wp-content\/uploads\/2020\/08\/47806202-8741-49f2-a5c9-d2f930e5baa1.jpg 1080w, https:\/\/oasisfm935.com.ar\/site\/wp-content\/uploads\/2020\/08\/47806202-8741-49f2-a5c9-d2f930e5baa1-300x300.jpg 300w, https:\/\/oasisfm935.com.ar\/site\/wp-content\/uploads\/2020\/08\/47806202-8741-49f2-a5c9-d2f930e5baa1-1024x1024.jpg 1024w, https:\/\/oasisfm935.com.ar\/site\/wp-content\/uploads\/2020\/08\/47806202-8741-49f2-a5c9-d2f930e5baa1-150x150.jpg 150w, https:\/\/oasisfm935.com.ar\/site\/wp-content\/uploads\/2020\/08\/47806202-8741-49f2-a5c9-d2f930e5baa1-768x768.jpg 768w\" sizes=\"(max-width: 1080px) 100vw, 1080px\" class=\"no-lazyload\" width=\"1080\" height=\"1080\"  style=\"display: inline-block;\" \/><\/div>","protected":false},"excerpt":{"rendered":"<p>Desde la oficina de Anses de Ingeniero Luiggi informaron que por el momento se contin\u00faa atendiendo las consultas bajo la modalidad telef\u00f3nica<\/p>\n","protected":false},"author":4,"featured_media":5025,"comment_status":"closed","ping_status":"open","sticky":false,"template":"","format":"standard","meta":{"colormag_page_layout":"default_layout","footnotes":""},"categories":[2],"tags":[],"class_list":["post-5024","post","type-post","status-publish","format-standard","has-post-thumbnail","hentry","category-noticias"],"_links":{"self":[{"href":"https:\/\/oasisfm935.com.ar\/site\/wp-json\/wp\/v2\/posts\/5024","targetHints":{"allow":["GET"]}}],"collection":[{"href":"https:\/\/oasisfm935.com.ar\/site\/wp-json\/wp\/v2\/posts"}],"about":[{"href":"https:\/\/oasisfm935.com.ar\/site\/wp-json\/wp\/v2\/types\/post"}],"author":[{"embeddable":true,"href":"https:\/\/oasisfm935.com.ar\/site\/wp-json\/wp\/v2\/users\/4"}],"replies":[{"embeddable":true,"href":"https:\/\/oasisfm935.com.ar\/site\/wp-json\/wp\/v2\/comments?post=5024"}],"version-history":[{"count":2,"href":"https:\/\/oasisfm935.com.ar\/site\/wp-json\/wp\/v2\/posts\/5024\/revisions"}],"predecessor-version":[{"id":5027,"href":"https:\/\/oasisfm935.com.ar\/site\/wp-json\/wp\/v2\/posts\/5024\/revisions\/5027"}],"wp:featuredmedia":[{"embeddable":true,"href":"https:\/\/oasisfm935.com.ar\/site\/wp-json\/wp\/v2\/media\/5025"}],"wp:attachment":[{"href":"https:\/\/oasisfm935.com.ar\/site\/wp-json\/wp\/v2\/media?parent=5024"}],"wp:term":[{"taxonomy":"category","embeddable":true,"href":"https:\/\/oasisfm935.com.ar\/site\/wp-json\/wp\/v2\/categories?post=5024"},{"taxonomy":"post_tag","embeddable":true,"href":"https:\/\/oasisfm935.com.ar\/site\/wp-json\/wp\/v2\/tags?post=5024"}],"curies":[{"name":"wp","href":"https:\/\/api.w.org\/{rel}","templated":true}]}}