{"id":5029,"date":"2020-06-08T13:19:10","date_gmt":"2020-06-08T16:19:10","guid":{"rendered":"http:\/\/oasisfm935.com\/site\/?p=5029"},"modified":"2020-06-08T13:19:10","modified_gmt":"2020-06-08T16:19:10","slug":"ziliotto-confirmo-que-pasamos-al-distanciamiento-si-tenes-que-salir-sali-pero-cuidate","status":"publish","type":"post","link":"https:\/\/oasisfm935.com.ar\/site\/ziliotto-confirmo-que-pasamos-al-distanciamiento-si-tenes-que-salir-sali-pero-cuidate\/","title":{"rendered":"Ziliotto confirm\u00f3 que pasamos al distanciamiento: \u00abSi ten\u00e9s que salir, sal\u00ed, pero cuidate\u00bb"},"content":{"rendered":"<p>El gobernador\u00a0<strong>Sergio Ziliotto<\/strong>\u00a0confirm\u00f3 este lunes al mediod\u00eda que La Pampa adherir\u00e1\u00a0<strong>al nuevo decreto nacional<\/strong>\u00a0sobre \u00abdistanciamiento social\u00bb que autoriz\u00f3 el Gobierno nacional.<\/p>\n<p><strong>\u00abPasamos del quedate en casa al si ten\u00e9s que salir, sal\u00ed pero cuidate\u00bb, dijo<\/strong>, en declaraciones a\u00a0<strong>El<\/strong>\u00a0<strong>Destape Radio.\u00a0<\/strong>De todas maneras, se debe reunir el Comit\u00e9 de Crisis para evaluar los alcances del decreto del presidente Alberto Fern\u00e1ndez.<\/p>\n<p>En la provincia llevamos dos meses sin casos, hemos tenido una apertura muy fuerte de la actividad econ\u00f3mica y nos falta el sector de hoteler\u00eda. Estamos trabajando en virtud de las modificaciones que nos implica el DNU del presidente para pasar de la etapa del aislamiento a la etapa del distanciamiento\u00bb, dijo el mandatario.<\/p>\n<p>Adem\u00e1s, destac\u00f3 la puesta en marcha del acuerdo con San Luis para poder realizar turismo interno. \u00abLas dos provincias tenemos el mismo status sanitario. Estamos trabajando para cuidar los pampeanos, a partir de la responsabilidad social que ha demostrado cada ciudadano y en una fuerte presencia del Estado, en un control estricto de quienes ingresan a La Pampa\u00bb, sostuvo.<\/p>\n<p>Resalt\u00f3 que en la provincia hay \u00abprotocolos muy estrictos\u00bb para el transporte que ingresa. \u00abSe controla la fiebre en distintas camineras. Hacemos una b\u00fasqueda activa. Todos los fines de semana cuando los camioneros salen al Mercado Central o a los puertos y vuelven, hacemos una b\u00fasqueda activa e hisopamos a todos los que tengan s\u00edntomas compatibles con el Covid-19\u00bb, manifest\u00f3.<\/p>\n<p>El DNU del presidente Alberto Fern\u00e1ndez autoriz\u00f3 este lunes a que la mayor parte del pa\u00eds pase a la etapa de Distanciamiento Social Preventivo y Obligatorio. Las \u00fanicos lugares exceptuados, y que contin\u00faan cumpliendo la cuarentena como hasta ayer, son el AMBA; C\u00f3rdoba capital y el aglomerado urbano que la rodea, Trelew (Chubut); el departamento de San Fernando, Chaco, donde se encuentra la ciudad capital de Resistencia; y Bariloche y General Roca (R\u00edo Negro).<\/p>\n<p>Las provincias y ciudades que pasaron a la etapa de distanciamiento deben cumplir con<strong>\u00a0tres \u00edtems imprescindibles<\/strong>: el sistema de salud debe contar con la capacidad adecuada para dar respuesta a la demanda sanitaria; las localidades no deben tener circulaci\u00f3n comunitaria del virus Covid-19; y el tiempo de duplicaci\u00f3n de casos no debe ser inferior a los quince d\u00edas. Los tres \u00edtems los cumple, ampliamente, La Pampa.<\/p>\n<p class=\"element element-paragraph\">En las zonas de distanciamiento social, se aclara que hay\u00a0<b>l\u00edmites en relaci\u00f3n al tr\u00e1nsito\u00a0<\/b>en esos lugares. \u00abQueda\u00a0<b>prohibida la circulaci\u00f3n por fuera del l\u00edmite del departamento o partido donde residan,\u00a0<\/b>salvo que posean el Certificado \u00danico Habilitante para Circulaci\u00f3n\u00bb, se indica. Es decir, si es que finalmente lo avala el Comit\u00e9 de Crisis de La Pampa,\u00a0<strong>se permite el tr\u00e1nsito entre localidades de un mismo departamento<\/strong>: por ejemplo, de Anguil a Santa Rosa, dentro del departamento Capital, o de Catril\u00f3 a Lonquimay, dentro del departamento Catril\u00f3.<b><br \/>\n<\/b><\/p>\n<div class=\"row pb-content-type-text\">\n<div class=\"col-xs-12 col-print-12\">\n<div class=\"col-xs-12 col-print-12\">\n<p class=\"element element-paragraph\">Adem\u00e1s, con el objetivo de prevenir la propagaci\u00f3n del virus, los gobernadores est\u00e1n facultados a \u201cdisponer el aislamiento preventivo\u201d respecto de personas que ingresen a la provincia provenientes de otras jurisdicciones, por un plazo m\u00e1ximo de 14 d\u00edas.<\/p>\n<\/div>\n<\/div>\n<\/div>\n<p>Tambi\u00e9n, en base a las condiciones epidemiol\u00f3gicas y a la evaluaci\u00f3n de riesgo en los distintos departamentos,\u00a0<strong>las autoridades provinciales podr\u00e1n dictar normas reglamentarias para limitar la circulaci\u00f3n por horarios o por zonas<\/strong>, con el fin de evitar situaciones que puedan favorecer la propagaci\u00f3n del virus.<\/p>\n<div class=\"oasis-despues-del-contenido\" id=\"oasis-3397058157\"><img loading=\"lazy\" decoding=\"async\" src=\"https:\/\/oasisfm935.com.ar\/site\/wp-content\/uploads\/2020\/08\/47806202-8741-49f2-a5c9-d2f930e5baa1.jpg\" alt=\"\"  srcset=\"https:\/\/oasisfm935.com.ar\/site\/wp-content\/uploads\/2020\/08\/47806202-8741-49f2-a5c9-d2f930e5baa1.jpg 1080w, https:\/\/oasisfm935.com.ar\/site\/wp-content\/uploads\/2020\/08\/47806202-8741-49f2-a5c9-d2f930e5baa1-300x300.jpg 300w, https:\/\/oasisfm935.com.ar\/site\/wp-content\/uploads\/2020\/08\/47806202-8741-49f2-a5c9-d2f930e5baa1-1024x1024.jpg 1024w, https:\/\/oasisfm935.com.ar\/site\/wp-content\/uploads\/2020\/08\/47806202-8741-49f2-a5c9-d2f930e5baa1-150x150.jpg 150w, https:\/\/oasisfm935.com.ar\/site\/wp-content\/uploads\/2020\/08\/47806202-8741-49f2-a5c9-d2f930e5baa1-768x768.jpg 768w\" sizes=\"(max-width: 1080px) 100vw, 1080px\" class=\"no-lazyload\" width=\"1080\" height=\"1080\"  style=\"display: inline-block;\" \/><\/div>","protected":false},"excerpt":{"rendered":"<p>El gobernador\u00a0Sergio Ziliotto\u00a0confirm\u00f3 este lunes al mediod\u00eda que La Pampa adherir\u00e1\u00a0al nuevo decreto nacional\u00a0sobre \u00abdistanciamiento social\u00bb que autoriz\u00f3 el Gobierno nacional. \u00abPasamos<\/p>\n","protected":false},"author":4,"featured_media":3802,"comment_status":"closed","ping_status":"open","sticky":false,"template":"","format":"standard","meta":{"colormag_page_layout":"default_layout","footnotes":""},"categories":[2],"tags":[],"class_list":["post-5029","post","type-post","status-publish","format-standard","has-post-thumbnail","hentry","category-noticias"],"_links":{"self":[{"href":"https:\/\/oasisfm935.com.ar\/site\/wp-json\/wp\/v2\/posts\/5029","targetHints":{"allow":["GET"]}}],"collection":[{"href":"https:\/\/oasisfm935.com.ar\/site\/wp-json\/wp\/v2\/posts"}],"about":[{"href":"https:\/\/oasisfm935.com.ar\/site\/wp-json\/wp\/v2\/types\/post"}],"author":[{"embeddable":true,"href":"https:\/\/oasisfm935.com.ar\/site\/wp-json\/wp\/v2\/users\/4"}],"replies":[{"embeddable":true,"href":"https:\/\/oasisfm935.com.ar\/site\/wp-json\/wp\/v2\/comments?post=5029"}],"version-history":[{"count":1,"href":"https:\/\/oasisfm935.com.ar\/site\/wp-json\/wp\/v2\/posts\/5029\/revisions"}],"predecessor-version":[{"id":5030,"href":"https:\/\/oasisfm935.com.ar\/site\/wp-json\/wp\/v2\/posts\/5029\/revisions\/5030"}],"wp:featuredmedia":[{"embeddable":true,"href":"https:\/\/oasisfm935.com.ar\/site\/wp-json\/wp\/v2\/media\/3802"}],"wp:attachment":[{"href":"https:\/\/oasisfm935.com.ar\/site\/wp-json\/wp\/v2\/media?parent=5029"}],"wp:term":[{"taxonomy":"category","embeddable":true,"href":"https:\/\/oasisfm935.com.ar\/site\/wp-json\/wp\/v2\/categories?post=5029"},{"taxonomy":"post_tag","embeddable":true,"href":"https:\/\/oasisfm935.com.ar\/site\/wp-json\/wp\/v2\/tags?post=5029"}],"curies":[{"name":"wp","href":"https:\/\/api.w.org\/{rel}","templated":true}]}}