{"id":5032,"date":"2020-06-08T16:45:02","date_gmt":"2020-06-08T19:45:02","guid":{"rendered":"http:\/\/oasisfm935.com\/site\/?p=5032"},"modified":"2020-06-08T16:46:39","modified_gmt":"2020-06-08T19:46:39","slug":"con-macri-estariamos-cavando-fosas-como-bolsonaro","status":"publish","type":"post","link":"https:\/\/oasisfm935.com.ar\/site\/con-macri-estariamos-cavando-fosas-como-bolsonaro\/","title":{"rendered":"Con Macri \u00abestar\u00edamos cavando fosas como Bolsonaro\u00bb"},"content":{"rendered":"<p>Ziliotto defendi\u00f3 al Gobierno nacional de los cuestionamientos de Juntos por el Cambio por el manejo de la pandemia. Pidi\u00f3 que para analizar la reactivaci\u00f3n econ\u00f3mica se piense \u00abun equilibrio con la salud y la respuesta del sistema p\u00fablico\u00bb.<\/p>\n<p>El gobernador Sergio Ziliotto fustig\u00f3 el comunicado de Juntos por el Cambio, donde cuestionaron las declaraciones del jefe de Gabinete, Santiago Cafiero, sobre c\u00f3mo habr\u00eda manejado la pandemia Mauricio Macri.<\/p>\n<p>Ziliotto dijo que con esta situaci\u00f3n en manos de Macri \u201cestar\u00edamos cavando fosas como Bolsonaro, porque no alcanzar\u00edan ni la morgue ni los cementerios\u201d.<\/p>\n<p>\u201cSeamos positivos y hablemos con orgullo del presidente que tenemos y ese equipo fortalecido, muy cohesionado y muy claro que son el presidente y los 24 gobernadores, con un norte muy claro, que es la salud de los argentinos primero\u201d, dijo en la entrevista con el periodista Roberto Navarro.<\/p>\n<p>Dijo adem\u00e1s que a la hora de analizar la reactivaci\u00f3n econ\u00f3mica \u201chay que pensar un equilibrio con la salud, que ciertamente ya est\u00e1 garantizada, y que haya una respuesta del sistema p\u00fablico\u00bb.<\/p>\n<p>\u201cPuede haber casos, pero hay una fortaleza importante. Por eso ahora se trabaja en la reactivaci\u00f3n econ\u00f3mica que va a ser dif\u00edcil. En el mundo hay una crisis econ\u00f3mica. La econom\u00eda mundial caer\u00e1 en todos los sentidos. En Estados Unidos caer\u00e1 un 6% del PBI y sin cuarentena, porque privilegiaron la econom\u00eda\u201d, advirti\u00f3.<\/p>\n<p>\u201cVa a ser todo un proceso y habr\u00e1 que ver la demanda de los pa\u00edses con m\u00e1s habitantes. Nosotros tenemos una posici\u00f3n m\u00e1s favorable con China, que ser\u00e1 el pa\u00eds que m\u00e1s r\u00e1pido pueda recuperarse del punto de vista econ\u00f3mico, y va a empezar a demandar alimentos y nosotros somos los principales productores en el contexto mundial\u201d, afirm\u00f3 el mandatario pampeano.<\/p>\n<p>\u201cEn La Pampa, la actividad agropecuaria no dej\u00f3 de funcionar y estamos muy fortalecidos. Tenemos cinco frigor\u00edficos exportadores que est\u00e1n trabajando, recuperando mercados. La semana pasada, el presidente firm\u00f3 un convenio para aumentar el cupo de carne que se exporta a Israel. En eso, tenemos una expectativa muy importante\u201d, remarc\u00f3.<\/p>\n<p>Adem\u00e1s, precis\u00f3 que \u201cla pandemia nos igual\u00f3 a todos\u201d. Y reclam\u00f3 analizar \u201cc\u00f3mo poblamos a todo el pa\u00eds, que no haya hacinamientos ni conglomerados urbanos sumidos en la pobreza\u201d.<\/p>\n<p>\u201cEse tiene que ser uno de los objetivos y ense\u00f1anzas de la pandemia. La pandemia le peg\u00f3 a todos los sectores econ\u00f3micos y nos da la posibilidad de empezar desde abajo hacia arriba y tendr\u00e1 que ver la capacidad del gobierno y su posicionamiento ideol\u00f3gico para que no haya mayor concentraci\u00f3n\u201d, remarc\u00f3 Ziliotto.<\/p>\n<div class=\"oasis-despues-del-contenido\" id=\"oasis-596553468\"><img loading=\"lazy\" decoding=\"async\" src=\"https:\/\/oasisfm935.com.ar\/site\/wp-content\/uploads\/2020\/08\/47806202-8741-49f2-a5c9-d2f930e5baa1.jpg\" alt=\"\"  srcset=\"https:\/\/oasisfm935.com.ar\/site\/wp-content\/uploads\/2020\/08\/47806202-8741-49f2-a5c9-d2f930e5baa1.jpg 1080w, https:\/\/oasisfm935.com.ar\/site\/wp-content\/uploads\/2020\/08\/47806202-8741-49f2-a5c9-d2f930e5baa1-300x300.jpg 300w, https:\/\/oasisfm935.com.ar\/site\/wp-content\/uploads\/2020\/08\/47806202-8741-49f2-a5c9-d2f930e5baa1-1024x1024.jpg 1024w, https:\/\/oasisfm935.com.ar\/site\/wp-content\/uploads\/2020\/08\/47806202-8741-49f2-a5c9-d2f930e5baa1-150x150.jpg 150w, https:\/\/oasisfm935.com.ar\/site\/wp-content\/uploads\/2020\/08\/47806202-8741-49f2-a5c9-d2f930e5baa1-768x768.jpg 768w\" sizes=\"(max-width: 1080px) 100vw, 1080px\" class=\"no-lazyload\" width=\"1080\" height=\"1080\"  style=\"display: inline-block;\" \/><\/div>","protected":false},"excerpt":{"rendered":"<p>Ziliotto defendi\u00f3 al Gobierno nacional de los cuestionamientos de Juntos por el Cambio por el manejo de la pandemia. Pidi\u00f3 que para<\/p>\n","protected":false},"author":4,"featured_media":4704,"comment_status":"closed","ping_status":"open","sticky":false,"template":"","format":"standard","meta":{"colormag_page_layout":"default_layout","footnotes":""},"categories":[2],"tags":[],"class_list":["post-5032","post","type-post","status-publish","format-standard","has-post-thumbnail","hentry","category-noticias"],"_links":{"self":[{"href":"https:\/\/oasisfm935.com.ar\/site\/wp-json\/wp\/v2\/posts\/5032","targetHints":{"allow":["GET"]}}],"collection":[{"href":"https:\/\/oasisfm935.com.ar\/site\/wp-json\/wp\/v2\/posts"}],"about":[{"href":"https:\/\/oasisfm935.com.ar\/site\/wp-json\/wp\/v2\/types\/post"}],"author":[{"embeddable":true,"href":"https:\/\/oasisfm935.com.ar\/site\/wp-json\/wp\/v2\/users\/4"}],"replies":[{"embeddable":true,"href":"https:\/\/oasisfm935.com.ar\/site\/wp-json\/wp\/v2\/comments?post=5032"}],"version-history":[{"count":1,"href":"https:\/\/oasisfm935.com.ar\/site\/wp-json\/wp\/v2\/posts\/5032\/revisions"}],"predecessor-version":[{"id":5033,"href":"https:\/\/oasisfm935.com.ar\/site\/wp-json\/wp\/v2\/posts\/5032\/revisions\/5033"}],"wp:featuredmedia":[{"embeddable":true,"href":"https:\/\/oasisfm935.com.ar\/site\/wp-json\/wp\/v2\/media\/4704"}],"wp:attachment":[{"href":"https:\/\/oasisfm935.com.ar\/site\/wp-json\/wp\/v2\/media?parent=5032"}],"wp:term":[{"taxonomy":"category","embeddable":true,"href":"https:\/\/oasisfm935.com.ar\/site\/wp-json\/wp\/v2\/categories?post=5032"},{"taxonomy":"post_tag","embeddable":true,"href":"https:\/\/oasisfm935.com.ar\/site\/wp-json\/wp\/v2\/tags?post=5032"}],"curies":[{"name":"wp","href":"https:\/\/api.w.org\/{rel}","templated":true}]}}