{"id":5035,"date":"2020-06-08T19:18:49","date_gmt":"2020-06-08T22:18:49","guid":{"rendered":"http:\/\/oasisfm935.com\/site\/?p=5035"},"modified":"2020-06-08T19:18:49","modified_gmt":"2020-06-08T22:18:49","slug":"la-pampa-solicito-a-nacion-que-autorice-la-circulacion-entre-las-80-localidades","status":"publish","type":"post","link":"https:\/\/oasisfm935.com.ar\/site\/la-pampa-solicito-a-nacion-que-autorice-la-circulacion-entre-las-80-localidades\/","title":{"rendered":"La Pampa solicit\u00f3 a Naci\u00f3n que autorice la circulaci\u00f3n entre las 80 localidades"},"content":{"rendered":"<p>El Gobierno de\u00a0<strong>Sergio Ziliotto<\/strong>\u00a0adhiri\u00f3 por\u00a0<a href=\"https:\/\/www.lapampa.gob.ar\/images\/Archivos\/BoletinOficial\/2020\/Sep3417.pdf\" target=\"_blank\" rel=\"noopener noreferrer\"><strong>decreto<\/strong>\u00a0<\/a>a la etapa de distanciamiento social pero\u00a0<strong>pidi\u00f3 m\u00e1s flexibilizaciones<\/strong>\u00a0a Casa Rosada: reclam\u00f3 que<strong>\u00a0se permita a todos los residentes pampeanos a poder circular por fuera del l\u00edmite del departamento donde viven.<br \/>\n<\/strong><\/p>\n<p>El pedido se formaliz\u00f3 a trav\u00e9s de una nota enviada al jefe de Gabinete de Ministros, Santiago Cafiero, por parte del gobernador.<\/p>\n<p>sa posibilidad est\u00e1 actualmente prohibida taxativamente en el art\u00edculo 4 del Decreto de Necesidad y Urgencia 520\/20, emitido ayer 7 de junio por el Gobierno Nacional y que habilita del paso del aislamiento al distanciamiento social en La Pampa y otras 17 provincias donde no hay circulaci\u00f3n comunitaria de Covid-19.<\/p>\n<p>\u201cEl requerimiento encuentra sustento en que al d\u00eda de la fecha todos departamentos de la provincia de La Pampa gozan del mismo estatus sanitario epidemiol\u00f3gico -sin casos positivos confirmados desde hace m\u00e1s de 60 d\u00edas-\u201d, argument\u00f3 el mandatario.<\/p>\n<p>\u201cTambi\u00e9n se funda el pedido\u00a0 en la cercan\u00eda que hay entre localidades de distintos departamentos y que en muchos casos se da una estrech\u00edsima y necesaria vinculaci\u00f3n, tanto comercial como laboral (ejemplo farmacias, bancos, entre otros), y en otros casos, en que localidades o ciudades de distintos departamentos conforman un mismo conglomerado urbano (por ej. Santa Rosa-Toay en departamentos Capital y Toay, respectivamente)\u201d, sostuvo.<\/p>\n<p>Con el<strong>\u00a0distanciamiento social\u00a0<\/strong>en el marco de la pandemia de Covid-19,\u00a0<strong>ya no es obligatorio que los pampeanos permanezcan en sus casas<\/strong>. De esa manera,\u00a0<strong>se puede circular sin restricciones entre localidades de un mismo departamento, se pueden realizar reuniones familiares y sociales todos los d\u00edas -con un m\u00e1ximo de 10 personas y,\u00a0<\/strong>\u00a0al menos por ahora,\u00a0<strong>no hay restricciones de horarios para circular<\/strong>. Adem\u00e1s, las actividades ya habilitadas se permitir\u00e1n en los horarios establecidos hace una semana.<\/p>\n<p>El mandatario emiti\u00f3 este lunes el decreto con las adecuaciones a la flexibilizaci\u00f3n de la cuarentena. Pero a\u00fan faltan adecuaciones: seg\u00fan estableci\u00f3,<strong>\u00a0las actividades econ\u00f3micas, industriales, comerciales, de servicio, deportivas, art\u00edsticas y sociales que hasta el momento no se han habilitado, ser\u00e1n puestas en funcionamiento en los pr\u00f3ximos d\u00edas.<\/strong><\/p>\n<p>En los pr\u00f3ximos d\u00edas se debe empezar a normalizar la atenci\u00f3n de las oficinas p\u00fablicas. \u00abLos jefes de Jurisdicci\u00f3n Presupuestaria de la Administraci\u00f3n Provincial, Entes Aut\u00e1rquicos y Descentralizados deber\u00e1n readecuar los lugares de trabajo del personal dependiente de su jurisdicci\u00f3n de conformidad con las normas que se establecen en el DNU\u201d, sostuvo.<\/p>\n<p>Tambi\u00e9n invit\u00f3 a las autoridades municipales y comunales de la provincia a aplicar la misma decisi\u00f3n para la administraci\u00f3n municipal, para lo cual deber\u00e1n elaborar protocolos de funcionamiento sanitario y epidemiol\u00f3gico que deber\u00e1n ser informados previamente a la autoridad sanitaria provincial.<\/p>\n<div class=\"oasis-despues-del-contenido\" id=\"oasis-2754494143\"><img loading=\"lazy\" decoding=\"async\" src=\"https:\/\/oasisfm935.com.ar\/site\/wp-content\/uploads\/2020\/08\/47806202-8741-49f2-a5c9-d2f930e5baa1.jpg\" alt=\"\"  srcset=\"https:\/\/oasisfm935.com.ar\/site\/wp-content\/uploads\/2020\/08\/47806202-8741-49f2-a5c9-d2f930e5baa1.jpg 1080w, https:\/\/oasisfm935.com.ar\/site\/wp-content\/uploads\/2020\/08\/47806202-8741-49f2-a5c9-d2f930e5baa1-300x300.jpg 300w, https:\/\/oasisfm935.com.ar\/site\/wp-content\/uploads\/2020\/08\/47806202-8741-49f2-a5c9-d2f930e5baa1-1024x1024.jpg 1024w, https:\/\/oasisfm935.com.ar\/site\/wp-content\/uploads\/2020\/08\/47806202-8741-49f2-a5c9-d2f930e5baa1-150x150.jpg 150w, https:\/\/oasisfm935.com.ar\/site\/wp-content\/uploads\/2020\/08\/47806202-8741-49f2-a5c9-d2f930e5baa1-768x768.jpg 768w\" sizes=\"(max-width: 1080px) 100vw, 1080px\" class=\"no-lazyload\" width=\"1080\" height=\"1080\"  style=\"display: inline-block;\" \/><\/div>","protected":false},"excerpt":{"rendered":"<p>El Gobierno de\u00a0Sergio Ziliotto\u00a0adhiri\u00f3 por\u00a0decreto\u00a0a la etapa de distanciamiento social pero\u00a0pidi\u00f3 m\u00e1s flexibilizaciones\u00a0a Casa Rosada: reclam\u00f3 que\u00a0se permita a todos los residentes<\/p>\n","protected":false},"author":4,"featured_media":5036,"comment_status":"closed","ping_status":"open","sticky":false,"template":"","format":"standard","meta":{"colormag_page_layout":"default_layout","footnotes":""},"categories":[2],"tags":[],"class_list":["post-5035","post","type-post","status-publish","format-standard","has-post-thumbnail","hentry","category-noticias"],"_links":{"self":[{"href":"https:\/\/oasisfm935.com.ar\/site\/wp-json\/wp\/v2\/posts\/5035","targetHints":{"allow":["GET"]}}],"collection":[{"href":"https:\/\/oasisfm935.com.ar\/site\/wp-json\/wp\/v2\/posts"}],"about":[{"href":"https:\/\/oasisfm935.com.ar\/site\/wp-json\/wp\/v2\/types\/post"}],"author":[{"embeddable":true,"href":"https:\/\/oasisfm935.com.ar\/site\/wp-json\/wp\/v2\/users\/4"}],"replies":[{"embeddable":true,"href":"https:\/\/oasisfm935.com.ar\/site\/wp-json\/wp\/v2\/comments?post=5035"}],"version-history":[{"count":1,"href":"https:\/\/oasisfm935.com.ar\/site\/wp-json\/wp\/v2\/posts\/5035\/revisions"}],"predecessor-version":[{"id":5037,"href":"https:\/\/oasisfm935.com.ar\/site\/wp-json\/wp\/v2\/posts\/5035\/revisions\/5037"}],"wp:featuredmedia":[{"embeddable":true,"href":"https:\/\/oasisfm935.com.ar\/site\/wp-json\/wp\/v2\/media\/5036"}],"wp:attachment":[{"href":"https:\/\/oasisfm935.com.ar\/site\/wp-json\/wp\/v2\/media?parent=5035"}],"wp:term":[{"taxonomy":"category","embeddable":true,"href":"https:\/\/oasisfm935.com.ar\/site\/wp-json\/wp\/v2\/categories?post=5035"},{"taxonomy":"post_tag","embeddable":true,"href":"https:\/\/oasisfm935.com.ar\/site\/wp-json\/wp\/v2\/tags?post=5035"}],"curies":[{"name":"wp","href":"https:\/\/api.w.org\/{rel}","templated":true}]}}