{"id":5047,"date":"2020-06-09T19:42:10","date_gmt":"2020-06-09T22:42:10","guid":{"rendered":"http:\/\/oasisfm935.com\/site\/?p=5047"},"modified":"2020-06-09T19:42:10","modified_gmt":"2020-06-09T22:42:10","slug":"blp-ratificaron-la-expansion-a-san-luis-santa-fe-y-cordoba","status":"publish","type":"post","link":"https:\/\/oasisfm935.com.ar\/site\/blp-ratificaron-la-expansion-a-san-luis-santa-fe-y-cordoba\/","title":{"rendered":"BLP: ratificaron la expansi\u00f3n a San Luis, Santa Fe y C\u00f3rdoba"},"content":{"rendered":"<p>En la comisi\u00f3n de Peticiones se emiti\u00f3 dictamen favorable por mayor\u00eda a los pliegos de Alexis Iviglia como presidente del Banco La Pampa, Carlos Pessi, Carlos Gaccio y Alberto Giorgis como directores.<\/p>\n<p>Tambi\u00e9n para Rosendo Peralta como s\u00edndico y Carlos Subelet como s\u00edndico suplente. La minor\u00eda anunci\u00f3 que fijar\u00e1 su posici\u00f3n en el recinto.<\/p>\n<p>En la ronda de preguntas se les consult\u00f3 a los representantes del Banco sobre las medidas que se han tomado como consecuencia de la pandemia.<\/p>\n<p>Iviglia contest\u00f3 que \u201ccomo actividad financiera estamos en el marco de una absoluta regulaci\u00f3n. La normativa del Banco Central ha sido muy clara en cuanto a qu\u00e9 operaciones se realizan. La distribuci\u00f3n de cajeros que tiene la provincia, es el mejor indicador que existe en Argentina. La cobertura que tenemos significa una cobertura territorial que no existe en otras provincias\u201d.<\/p>\n<p>Alberto Giorgis, presidente de la Fundaci\u00f3n del Banco de La Pampa, explic\u00f3 que la Fundaci\u00f3n es la \u201cpata social\u201d, y cont\u00f3 que por un lado \u201cest\u00e1n las becas que se distribuyen en cada uno de los pueblos; y por otro lado, el gran aporte que se realiza a la inclusi\u00f3n educativa mediante el aporte que se hace a las escuelas t\u00e9cnicas, en cuanto a equipamiento. La otra \u00e1rea que creci\u00f3 es la parte educativa, se hicieron capacitaciones y a partir de este a\u00f1o empezamos a prestar servicios a terceros\u201d.<\/p>\n<p>Tambi\u00e9n se les consult\u00f3 a los representantes del BLP sobre la Ley Micaela. El director Carlos Pessi respondi\u00f3: \u201cEn 2018 se implement\u00f3 una pol\u00edtica de\u00a0diversidad. En esa comisi\u00f3n integramos al sindicato y a distintos representantes internos, incluyendo referentes de la militancia feminista. Y comenzamos a trabajar con esta idea de promover una integralidad en materia de pol\u00edticas de diversidad. El primer tema abordado tuvo que ver con la identidad de g\u00e9nero. Dentro de eso estuvo la capacitaci\u00f3n de la Ley Micaela gracias a un acuerdo con el Superior Tribunal, para el Directorio y los Gerentes de casa matriz, y queremos que esto se de en todas las sucursales<\/p>\n<p>Dijo que \u00abel Banco es, adem\u00e1s una empresa, donde hay jerarqu\u00edas y responsabilidades. Entonces el hecho de vincular esas jerarqu\u00edas con la diversidad es complejo, un desaf\u00edo que estamos abordando. No dejamos de observar que en este directorio no hay ninguna mujer. Ahora los accionistas clase B del Banco propondr\u00e1n en la pr\u00f3xima asamblea a una mujer para que se sume al Directorio, qui\u00e9n adem\u00e1s es integrante de la comisi\u00f3n de diversidad\u201d.<\/p>\n<p>Adem\u00e1s, Pessi manifest\u00f3 que en el 2019 \u201cnuestra preocupaci\u00f3n central fue que el Banco estuviera en equilibrio, frente a la fuerte devaluaci\u00f3n y la inflaci\u00f3n. Lo que hicimos fue preservar su patrimonio, para que no se repitan historias pasadas. A la vista de lo que tenemos hoy, el Banco tiene un nivel de fortaleza muy importante en la econom\u00eda provincial. El Banco hoy est\u00e1 muy preparado para poder ejecutar las pol\u00edticas que se requieran en el futuro\u201d.<\/p>\n<p>Iviglia revel\u00f3 la estrecha relaci\u00f3n que tienen con el gobierno provincial: \u201cTenemos un v\u00ednculo muy estrecho, una relaci\u00f3n cotidiana con los miembros del Poder Ejecutivo. A m\u00ed me toca ir a muchas reuniones de Gabinete, y por ejemplo hablamos en forma permanente con el ministro de Producci\u00f3n, Ricardo Moralejo\u201d.<\/p>\n<p>En este sentido, Iviglia se explay\u00f3 respecto a la noticia que transcendi\u00f3 la \u00faltima semana, sobre la posibilidad de que San Luis ponga su dinero en el Banco de La Pampa. \u201cHace dos a\u00f1os aprobamos un plan de expansi\u00f3n en R\u00edo Cuarto, el sur de Santa fe y en San Luis. La pandemia detuvo la obra, pero en abril deber\u00edamos haber abierto en R\u00edo Cuarto. Hace dos a\u00f1os estuvimos en conversaciones con San Luis. Tenemos pensado viajar a esa provincia y seguir conversando. Las instrucciones del gobernador han sido claras, hay que ver las posibilidades\u201d.<\/p>\n<p>Adem\u00e1s, dijo que \u201cno sabemos bien a\u00fan las posibilidades porque no tenemos muy claro como ser\u00eda el posible negocio. Ese es el motivo por el cual vamos a ir conversar. S\u00ed tenemos claro que el proyecto con San Luis ser\u00eda un verdadero salto cualitativo y cuantitativo de transformarnos en una empresa referente regional del centro del pa\u00eds\u201d.<\/p>\n<p>En otro orden, Pessi cont\u00f3 que \u201cel Banco conserva una cantidad de l\u00edneas de cr\u00e9dito que est\u00e1n orientadas a ejecutar la pol\u00edtica productiva. Hay una respuesta efectiva de parte del empresario a la oferta del Banco, que utiliza los cr\u00e9ditos. Hoy estamos colocando l\u00edneas a tasas negativas para la totalidad de los sectores productivos\u201d. Tambi\u00e9n, se\u00f1al\u00f3 que el \u201cobjetivo del Banco es que sea sustentable en s\u00ed mismo\u201d.<\/p>\n<p>Se les consult\u00f3 a los representantes del directorio cu\u00e1les son los niveles de morosidad con respecto a los cr\u00e9ditos que se han tomado.\u00a0\u201cDe marzo para ac\u00e1 la normativa ha permitido extenderse 60 d\u00edas, con lo cual no sabemos c\u00f3mo vamos a salir de este proceso. Nosotros\u00a0estamos en una actividad donde la morosidad es intr\u00ednseca, prestamos plata sabiendo que va a haber mora. En algunos casos hay un\u00a0\u00a0sobreendeudamiento, que repercute en la tarjeta de cr\u00e9dito. Pero no tenemos problemas significativos, estamos por debajo del nivel del\u00a0sistema en la mora, veremos c\u00f3mo salimos pasada la crisis\u201d, advirti\u00f3 Iviglia.<\/p>\n<p>Tambi\u00e9n, se pregunt\u00f3 por los sectores que m\u00e1s toman cr\u00e9ditos, y el presidente del Banco respondi\u00f3: \u201cLa parte productiva tiene dos rubros\u00a0centrales, el sector agroganadero y agroindustrial. Pero tambi\u00e9n la parte de industria y de servicios tienen una relevancia fundamental, y\u00a0el comercio cada vez m\u00e1s. Pero tambi\u00e9n tenemos presencia en cinco provincias, y cada una tiene sus particularidades\u201d.<\/p>\n<p>Con respecto al planteo sobre la reducci\u00f3n de la tasa de los cr\u00e9ditos regulares, Iviglia respondi\u00f3: \u201cAlgunas tasas pueden parecer altas,\u00a0pero cuando vemos la competencia, aunque puede haber alguna puntual que sea menor, como a veces ocurre con alguna linea especial del\u00a0Credicoop, que tiene sus particularidades, es una tasa absolutamente de mercado, y por debajo de la banca privada\u201d.<\/p>\n<p>A su vez, Pessi dijo que \u201cvenimos bajando las tasas de inter\u00e9s a medida que se puede, pero no podemos anticiparnos porque seria una\u00a0irresponsabilidad en cuanto al equilibrio del Banco\u201d.<\/p>\n<p>Tambi\u00e9n, expres\u00f3: \u201cEs muy evidente que en los \u00faltimos a\u00f1os ha habido un fuerte cambio de h\u00e1bito que cada vez m\u00e1s tiende al uso de medios digitales, y abordar esa competencia es sumamente complicado, es decir, ir a la misma velocidad tecnol\u00f3gica de los grandes bancos es\u00a0dificultoso\u201d.<\/p>\n<p>Pessi manifest\u00f3 que le pedimos \u201ca los clientes que no vengan solo a buscar los cr\u00e9ditos subsidiados y luego se vayan a hacer negocios a otro banco. Le pedimos reciprocidad al cliente. Es lo que necesita el banco para poder crecer. Nos cuidamos much\u00edsimo de que permanentemente haya oferta adecuada para los distintos sectores, hay una sensibilidad en el directorio para cumplir el rol que se le ha<br \/>\nasignado\u00bb.<\/p>\n<div class=\"oasis-despues-del-contenido\" id=\"oasis-3251965372\"><img loading=\"lazy\" decoding=\"async\" src=\"https:\/\/oasisfm935.com.ar\/site\/wp-content\/uploads\/2020\/08\/47806202-8741-49f2-a5c9-d2f930e5baa1.jpg\" alt=\"\"  srcset=\"https:\/\/oasisfm935.com.ar\/site\/wp-content\/uploads\/2020\/08\/47806202-8741-49f2-a5c9-d2f930e5baa1.jpg 1080w, https:\/\/oasisfm935.com.ar\/site\/wp-content\/uploads\/2020\/08\/47806202-8741-49f2-a5c9-d2f930e5baa1-300x300.jpg 300w, https:\/\/oasisfm935.com.ar\/site\/wp-content\/uploads\/2020\/08\/47806202-8741-49f2-a5c9-d2f930e5baa1-1024x1024.jpg 1024w, https:\/\/oasisfm935.com.ar\/site\/wp-content\/uploads\/2020\/08\/47806202-8741-49f2-a5c9-d2f930e5baa1-150x150.jpg 150w, https:\/\/oasisfm935.com.ar\/site\/wp-content\/uploads\/2020\/08\/47806202-8741-49f2-a5c9-d2f930e5baa1-768x768.jpg 768w\" sizes=\"(max-width: 1080px) 100vw, 1080px\" class=\"no-lazyload\" width=\"1080\" height=\"1080\"  style=\"display: inline-block;\" \/><\/div>","protected":false},"excerpt":{"rendered":"<p>En la comisi\u00f3n de Peticiones se emiti\u00f3 dictamen favorable por mayor\u00eda a los pliegos de Alexis Iviglia como presidente del Banco La<\/p>\n","protected":false},"author":4,"featured_media":5048,"comment_status":"closed","ping_status":"open","sticky":false,"template":"","format":"standard","meta":{"colormag_page_layout":"default_layout","footnotes":""},"categories":[2],"tags":[],"class_list":["post-5047","post","type-post","status-publish","format-standard","has-post-thumbnail","hentry","category-noticias"],"_links":{"self":[{"href":"https:\/\/oasisfm935.com.ar\/site\/wp-json\/wp\/v2\/posts\/5047","targetHints":{"allow":["GET"]}}],"collection":[{"href":"https:\/\/oasisfm935.com.ar\/site\/wp-json\/wp\/v2\/posts"}],"about":[{"href":"https:\/\/oasisfm935.com.ar\/site\/wp-json\/wp\/v2\/types\/post"}],"author":[{"embeddable":true,"href":"https:\/\/oasisfm935.com.ar\/site\/wp-json\/wp\/v2\/users\/4"}],"replies":[{"embeddable":true,"href":"https:\/\/oasisfm935.com.ar\/site\/wp-json\/wp\/v2\/comments?post=5047"}],"version-history":[{"count":1,"href":"https:\/\/oasisfm935.com.ar\/site\/wp-json\/wp\/v2\/posts\/5047\/revisions"}],"predecessor-version":[{"id":5049,"href":"https:\/\/oasisfm935.com.ar\/site\/wp-json\/wp\/v2\/posts\/5047\/revisions\/5049"}],"wp:featuredmedia":[{"embeddable":true,"href":"https:\/\/oasisfm935.com.ar\/site\/wp-json\/wp\/v2\/media\/5048"}],"wp:attachment":[{"href":"https:\/\/oasisfm935.com.ar\/site\/wp-json\/wp\/v2\/media?parent=5047"}],"wp:term":[{"taxonomy":"category","embeddable":true,"href":"https:\/\/oasisfm935.com.ar\/site\/wp-json\/wp\/v2\/categories?post=5047"},{"taxonomy":"post_tag","embeddable":true,"href":"https:\/\/oasisfm935.com.ar\/site\/wp-json\/wp\/v2\/tags?post=5047"}],"curies":[{"name":"wp","href":"https:\/\/api.w.org\/{rel}","templated":true}]}}