{"id":5050,"date":"2020-06-09T19:47:29","date_gmt":"2020-06-09T22:47:29","guid":{"rendered":"http:\/\/oasisfm935.com\/site\/?p=5050"},"modified":"2020-06-09T19:47:29","modified_gmt":"2020-06-09T22:47:29","slug":"utelpa-pidio-un-pago-extra-a-docentes-por-sobrecarga-laboral","status":"publish","type":"post","link":"https:\/\/oasisfm935.com.ar\/site\/utelpa-pidio-un-pago-extra-a-docentes-por-sobrecarga-laboral\/","title":{"rendered":"UTELPa pidi\u00f3 un pago extra a docentes por sobrecarga laboral"},"content":{"rendered":"<p>El\u00a0<strong>Secretariado Provincial de la Uni\u00f3n de Trabajadores de la Educaci\u00f3n de La Pampa elev\u00f3 una nota al Gobierno Provincial<\/strong>\u00a0en el que solicit\u00f3\u00a0<strong>el pago de una suma, a modo de reconocimiento a la tarea de los docentes<\/strong>\u00a0durante el Aislamiento Social, Preventivo y Obligatorio.<\/p>\n<p>\u201cSe viene exigiendo desde hace mucho tiempo que<strong>\u00a0el Gobierno abra la paritaria docente, discuta salarios y los temas que urgen al sector debido a la sobrecarga laboral\u201d<\/strong>, expres\u00f3 Lilia L\u00f3pez, secretaria general de la UTELPa y afirm\u00f3 que el\u00a0<strong>pago extra puede ser el equivalente al que se abona por material did\u00e1ctico.<\/strong><\/p>\n<p>Y remarc\u00f3: \u201cEl trabajo docente en contexto virtual con car\u00e1cter excepcional como lo hemos definido,\u00a0<strong>exige mayor esfuerzo personal (m\u00e1s carga horaria en relaci\u00f3n a la Declaraci\u00f3n Jurada) y material (costo de la conectividad, recursos tecnol\u00f3gicos<\/strong>\u00a0personales)\u201d.<\/p>\n<p>\u201cLxs docentes vienen dando respuestas al Derecho Social a la Educaci\u00f3n, acompa\u00f1ando las trayectorias escolares y sosteniendo el v\u00ednculo con las familias, a fin de garantizar la continuidad pedag\u00f3gica\u201d, dijo la dirigente gremial.<\/p>\n<p>El pedido se realiz\u00f3 formalmente a trav\u00e9s de\u00a0<strong>nota elevada al Ministerio de Educaci\u00f3n.<\/strong><\/p>\n<div class=\"oasis-despues-del-contenido\" id=\"oasis-3233082816\"><img loading=\"lazy\" decoding=\"async\" src=\"https:\/\/oasisfm935.com.ar\/site\/wp-content\/uploads\/2020\/08\/47806202-8741-49f2-a5c9-d2f930e5baa1.jpg\" alt=\"\"  srcset=\"https:\/\/oasisfm935.com.ar\/site\/wp-content\/uploads\/2020\/08\/47806202-8741-49f2-a5c9-d2f930e5baa1.jpg 1080w, https:\/\/oasisfm935.com.ar\/site\/wp-content\/uploads\/2020\/08\/47806202-8741-49f2-a5c9-d2f930e5baa1-300x300.jpg 300w, https:\/\/oasisfm935.com.ar\/site\/wp-content\/uploads\/2020\/08\/47806202-8741-49f2-a5c9-d2f930e5baa1-1024x1024.jpg 1024w, https:\/\/oasisfm935.com.ar\/site\/wp-content\/uploads\/2020\/08\/47806202-8741-49f2-a5c9-d2f930e5baa1-150x150.jpg 150w, https:\/\/oasisfm935.com.ar\/site\/wp-content\/uploads\/2020\/08\/47806202-8741-49f2-a5c9-d2f930e5baa1-768x768.jpg 768w\" sizes=\"(max-width: 1080px) 100vw, 1080px\" class=\"no-lazyload\" width=\"1080\" height=\"1080\"  style=\"display: inline-block;\" \/><\/div>","protected":false},"excerpt":{"rendered":"<p>El\u00a0Secretariado Provincial de la Uni\u00f3n de Trabajadores de la Educaci\u00f3n de La Pampa elev\u00f3 una nota al Gobierno Provincial\u00a0en el que solicit\u00f3\u00a0el<\/p>\n","protected":false},"author":4,"featured_media":5051,"comment_status":"closed","ping_status":"open","sticky":false,"template":"","format":"standard","meta":{"colormag_page_layout":"default_layout","footnotes":""},"categories":[2],"tags":[],"class_list":["post-5050","post","type-post","status-publish","format-standard","has-post-thumbnail","hentry","category-noticias"],"_links":{"self":[{"href":"https:\/\/oasisfm935.com.ar\/site\/wp-json\/wp\/v2\/posts\/5050","targetHints":{"allow":["GET"]}}],"collection":[{"href":"https:\/\/oasisfm935.com.ar\/site\/wp-json\/wp\/v2\/posts"}],"about":[{"href":"https:\/\/oasisfm935.com.ar\/site\/wp-json\/wp\/v2\/types\/post"}],"author":[{"embeddable":true,"href":"https:\/\/oasisfm935.com.ar\/site\/wp-json\/wp\/v2\/users\/4"}],"replies":[{"embeddable":true,"href":"https:\/\/oasisfm935.com.ar\/site\/wp-json\/wp\/v2\/comments?post=5050"}],"version-history":[{"count":1,"href":"https:\/\/oasisfm935.com.ar\/site\/wp-json\/wp\/v2\/posts\/5050\/revisions"}],"predecessor-version":[{"id":5052,"href":"https:\/\/oasisfm935.com.ar\/site\/wp-json\/wp\/v2\/posts\/5050\/revisions\/5052"}],"wp:featuredmedia":[{"embeddable":true,"href":"https:\/\/oasisfm935.com.ar\/site\/wp-json\/wp\/v2\/media\/5051"}],"wp:attachment":[{"href":"https:\/\/oasisfm935.com.ar\/site\/wp-json\/wp\/v2\/media?parent=5050"}],"wp:term":[{"taxonomy":"category","embeddable":true,"href":"https:\/\/oasisfm935.com.ar\/site\/wp-json\/wp\/v2\/categories?post=5050"},{"taxonomy":"post_tag","embeddable":true,"href":"https:\/\/oasisfm935.com.ar\/site\/wp-json\/wp\/v2\/tags?post=5050"}],"curies":[{"name":"wp","href":"https:\/\/api.w.org\/{rel}","templated":true}]}}