{"id":5054,"date":"2020-06-10T09:03:00","date_gmt":"2020-06-10T12:03:00","guid":{"rendered":"http:\/\/oasisfm935.com\/site\/?p=5054"},"modified":"2020-06-10T09:07:56","modified_gmt":"2020-06-10T12:07:56","slug":"empresas-de-ingeniero-luiggi-y-parera-entre-las-acreedores-de-vicentin-en-la-pampa","status":"publish","type":"post","link":"https:\/\/oasisfm935.com.ar\/site\/empresas-de-ingeniero-luiggi-y-parera-entre-las-acreedores-de-vicentin-en-la-pampa\/","title":{"rendered":"Empresas de Ingeniero Luiggi y Parera entre las acreedores de Vicentin en La Pampa"},"content":{"rendered":"<p>Un total de<strong>\u00a012 acopiadores de granos de La Pampa<\/strong>\u00a0son parte de los<strong>\u00a02638 acreedores<\/strong>\u00a0de la empresa\u00a0<strong>Vicentin<\/strong>, que podr\u00eda ser expropiada por el Estado nacional.\u00a0<strong>Hay tres empresas de Pico, dos de Riglos, dos de Parera y las restantes en los pueblos de Quem\u00fa, Luiggi, Catril\u00f3, Quem\u00fa y Macach\u00edn.<\/strong><\/p>\n<p>Todos en el ambiente agropecuario son conocidos. Pero algunos m\u00e1s que otros. Por ejemplo, se encuentra\u00a0<strong>La Mariana S.A.<\/strong>, una empresa de Catril\u00f3. Seg\u00fan pudo confirmar Diario Textual, se encuentra controlada por la poderosa<strong>\u00a0Lartirigoyen S.A.<\/strong>\u00a0El grupo santafesiono le adeuda 5.119.506 pesos. \u00abPara Lartirigoyen, la verdad, es una ganga\u00bb, resumieron en Catril\u00f3 ante una consulta de este portal.<\/p>\n<p>Esos datos figuran en el expediente y fueron publicados\u00a0<strong>Juan Chiummiento<\/strong>\u00a0en\u00a0<strong>Punto Biz<\/strong>. En\u00a0<a href=\"https:\/\/juanchiummiento.carto.com\/builder\/64fdd725-625b-4187-a097-99417afd353d\/embed\" target=\"_blank\" rel=\"noopener noreferrer\"><strong>un mapa<\/strong><\/a>, ya figuran los datos individuales sobre cada uno de ellos, desde su direcci\u00f3n exacta hasta el monto de los cr\u00e9ditos que hoy est\u00e1n litigando en la Justicia.<\/p>\n<p><a href=\"http:\/\/oasisfm935.com\/site\/wp-content\/uploads\/2020\/06\/vicentinacreedoreslapampa2020-1.jpg\"><img loading=\"lazy\" decoding=\"async\" class=\"alignnone size-full wp-image-5055\" src=\"http:\/\/oasisfm935.com\/site\/wp-content\/uploads\/2020\/06\/vicentinacreedoreslapampa2020-1.jpg\" alt=\"\" width=\"744\" height=\"451\" srcset=\"https:\/\/oasisfm935.com.ar\/site\/wp-content\/uploads\/2020\/06\/vicentinacreedoreslapampa2020-1.jpg 744w, https:\/\/oasisfm935.com.ar\/site\/wp-content\/uploads\/2020\/06\/vicentinacreedoreslapampa2020-1-300x182.jpg 300w\" sizes=\"auto, (max-width: 744px) 100vw, 744px\" \/><\/a><\/p>\n<p>La informaci\u00f3n se presenta en una infograf\u00eda interactiva, que permite comprender el impacto geogr\u00e1fico del default. Los puntos en el mapa representan a cada uno de los 2.638 acreedores, modific\u00e1ndose su tama\u00f1o en funci\u00f3n del tama\u00f1o de la deuda.<\/p>\n<p>\u00bfQu\u00e9 m\u00e1s hay en La Pampa? Otra empresa emblem\u00e1tica:<strong>\u00a0Atreuc\u00f3 Cooperativa<\/strong>, de\u00a0<strong>Macach\u00edn<\/strong>, con una acreencia de 988.237 pesos.<\/p>\n<p>En<strong>\u00a0Pico<\/strong>, por su parte, hay tres firmas:<strong>\u00a0Fedea S.A<\/strong>, por 77 millones, siempre los datos de Punto Biz;<strong>\u00a0Pelayo Agronom\u00eda S.A.<\/strong>\u00a0tiene cheques sin poder cobrar por 7,7 millones de pesos; y\u00a0<strong>Granos del Oeste<\/strong>, por 3,75 millones.<\/p>\n<p>En<strong>\u00a0Parera<\/strong>, por su parte, se cuenta el acopiador\u00a0<strong>Fernando Ciorda<\/strong>, con 3,2 millones, y\u00a0<strong>Rodolfo y Sergio Escudero<\/strong>\u00a0por 426 mil pesos.<\/p>\n<p>En\u00a0<strong>Luiggi<\/strong>\u00a0est\u00e1 sufriendo<strong>\u00a0El Campo S.A.<\/strong>, con 23 millones de pesos. A su vez, en\u00a0<strong>Riglos<\/strong>\u00a0hay dos:\u00a0<strong>Trimag<\/strong>, con 380.754 pesos y\u00a0<strong>Fideicomiso Cosechas del Sur<\/strong>, con 3.061.728 pesos.<\/p>\n<p>En tanto, en<strong>\u00a0Quem\u00fa<\/strong>, la firma Vicentin tiene una deuda de 1.150.304 pesos con\u00a0<strong>Cereales Quem\u00fa<\/strong>, controlada por la familia Bataglia.<\/p>\n<p>Diario texutal<\/p>\n<div class=\"oasis-despues-del-contenido\" id=\"oasis-1018185610\"><img loading=\"lazy\" decoding=\"async\" src=\"https:\/\/oasisfm935.com.ar\/site\/wp-content\/uploads\/2020\/08\/47806202-8741-49f2-a5c9-d2f930e5baa1.jpg\" alt=\"\"  srcset=\"https:\/\/oasisfm935.com.ar\/site\/wp-content\/uploads\/2020\/08\/47806202-8741-49f2-a5c9-d2f930e5baa1.jpg 1080w, https:\/\/oasisfm935.com.ar\/site\/wp-content\/uploads\/2020\/08\/47806202-8741-49f2-a5c9-d2f930e5baa1-300x300.jpg 300w, https:\/\/oasisfm935.com.ar\/site\/wp-content\/uploads\/2020\/08\/47806202-8741-49f2-a5c9-d2f930e5baa1-1024x1024.jpg 1024w, https:\/\/oasisfm935.com.ar\/site\/wp-content\/uploads\/2020\/08\/47806202-8741-49f2-a5c9-d2f930e5baa1-150x150.jpg 150w, https:\/\/oasisfm935.com.ar\/site\/wp-content\/uploads\/2020\/08\/47806202-8741-49f2-a5c9-d2f930e5baa1-768x768.jpg 768w\" sizes=\"(max-width: 1080px) 100vw, 1080px\" class=\"no-lazyload\" width=\"1080\" height=\"1080\"  style=\"display: inline-block;\" \/><\/div>","protected":false},"excerpt":{"rendered":"<p>Un total de\u00a012 acopiadores de granos de La Pampa\u00a0son parte de los\u00a02638 acreedores\u00a0de la empresa\u00a0Vicentin, que podr\u00eda ser expropiada por el Estado<\/p>\n","protected":false},"author":4,"featured_media":5056,"comment_status":"closed","ping_status":"open","sticky":false,"template":"","format":"standard","meta":{"colormag_page_layout":"default_layout","footnotes":""},"categories":[2],"tags":[],"class_list":["post-5054","post","type-post","status-publish","format-standard","has-post-thumbnail","hentry","category-noticias"],"_links":{"self":[{"href":"https:\/\/oasisfm935.com.ar\/site\/wp-json\/wp\/v2\/posts\/5054","targetHints":{"allow":["GET"]}}],"collection":[{"href":"https:\/\/oasisfm935.com.ar\/site\/wp-json\/wp\/v2\/posts"}],"about":[{"href":"https:\/\/oasisfm935.com.ar\/site\/wp-json\/wp\/v2\/types\/post"}],"author":[{"embeddable":true,"href":"https:\/\/oasisfm935.com.ar\/site\/wp-json\/wp\/v2\/users\/4"}],"replies":[{"embeddable":true,"href":"https:\/\/oasisfm935.com.ar\/site\/wp-json\/wp\/v2\/comments?post=5054"}],"version-history":[{"count":2,"href":"https:\/\/oasisfm935.com.ar\/site\/wp-json\/wp\/v2\/posts\/5054\/revisions"}],"predecessor-version":[{"id":5058,"href":"https:\/\/oasisfm935.com.ar\/site\/wp-json\/wp\/v2\/posts\/5054\/revisions\/5058"}],"wp:featuredmedia":[{"embeddable":true,"href":"https:\/\/oasisfm935.com.ar\/site\/wp-json\/wp\/v2\/media\/5056"}],"wp:attachment":[{"href":"https:\/\/oasisfm935.com.ar\/site\/wp-json\/wp\/v2\/media?parent=5054"}],"wp:term":[{"taxonomy":"category","embeddable":true,"href":"https:\/\/oasisfm935.com.ar\/site\/wp-json\/wp\/v2\/categories?post=5054"},{"taxonomy":"post_tag","embeddable":true,"href":"https:\/\/oasisfm935.com.ar\/site\/wp-json\/wp\/v2\/tags?post=5054"}],"curies":[{"name":"wp","href":"https:\/\/api.w.org\/{rel}","templated":true}]}}