{"id":5059,"date":"2020-06-10T17:16:01","date_gmt":"2020-06-10T20:16:01","guid":{"rendered":"http:\/\/oasisfm935.com\/site\/?p=5059"},"modified":"2020-06-10T19:32:40","modified_gmt":"2020-06-10T22:32:40","slug":"patricia-lavin-la-obra-publica-y-privada-y-el-sector-agropecuario-seran-el-motor-para-salir-de-la-pandemia","status":"publish","type":"post","link":"https:\/\/oasisfm935.com.ar\/site\/patricia-lavin-la-obra-publica-y-privada-y-el-sector-agropecuario-seran-el-motor-para-salir-de-la-pandemia\/","title":{"rendered":"Patricia Lavin: \u00abLa obra p\u00fablica y privada, y el sector agropecuario ser\u00e1n el motor para salir de la pandemia\u00bb"},"content":{"rendered":"<p>La intendenta de Ingeniero Luiggi, Patricia Lav\u00edn, asegur\u00f3 que el movimiento del sector agropecuario y las obras p\u00fablicas y privadas \u201cser\u00e1n el motor de la econom\u00eda local para ir saliendo de la pandemia\u201d.<\/p>\n<p>Lav\u00edn se refiri\u00f3 a las posibilidades de obras las que generan puestos laborales, tanto la p\u00fablica como la privada \u00abya que es un movimiento para la localidad que se nota, ya que la construcci\u00f3n de una vivienda no es solo solucionarle un problema a una familia, sino que es trabajo para el plomero, el alba\u00f1il y el electricista, adem\u00e1s de todo lo que se genera en la econom\u00eda local\u201d, puntualiz\u00f3.<\/p>\n<p>Aclar\u00f3 que pese a que en estos primeros seis meses de gesti\u00f3n, de los cuales casi tres se lleva con la pandemia, \u201cigual se sigui\u00f3 gestionando y al inicio se tuvo en claro las propuestas hechas a la comunidad y durante este tiempo han venido funcionarios como el ministro de Obras y Servicios P\u00fablicos, Juan Ram\u00f3n Garay. A pesar de que todo marcha mucho m\u00e1s lento, seguimos gestionando y adem\u00e1s hoy el recurso est\u00e1 puesto en la cuesti\u00f3n sanitaria, pero eso no quita que se pudo seguir avanzando administrativamente\u201d, puntualiz\u00f3.<\/p>\n<p>Entre las posibilidades de obras para Ingeniero Luiggi mencion\u00f3 la\u00a0<strong>construcci\u00f3n de un albergue, la ampliaci\u00f3n y modernizaci\u00f3n del Hospital.<\/strong><\/p>\n<p><strong>Desag\u00fce pluvial<\/strong><\/p>\n<p>\u201cOtra de las obras que preocupa mucho es la\u00a0<strong>canalizaci\u00f3n del desag\u00fce pluvial del oeste,<\/strong>\u00a0un sue\u00f1o que ya en la gesti\u00f3n anterior fue planteado y presupuestado, pero la inundaci\u00f3n fue un factor que cambi\u00f3 el rumbo de una gesti\u00f3n y no se puedo hacer, pero hay continuidad de gesti\u00f3n tanto en lo provincial como en lo municipal. Se retoma este proyecto donde los costos se han elevado considerablemente, pero todo indica que vamos a poder iniciar la obra\u201d, expres\u00f3.<\/p>\n<p><strong>Apoyo<\/strong><\/p>\n<p>La jefa comunal agradeci\u00f3 la colaboraci\u00f3n de todos los actores del Gobierno de La Pampa, encabezado por Sergio Ziliotto. Adem\u00e1s valoriz\u00f3 el apoyo de la Secretaria de Asuntos Municipales para hacer frente al pago de haberes del personal.<\/p>\n<p>Consider\u00f3 que \u201chubiera sido imposible transitar esta pandemia hist\u00f3rica sin el equipo de trabajo que tiene toda una historia en Ingeniero Luiggi, con vasta experiencia en situaciones dif\u00edciles, como fueron las inundaciones de 2017\u201d, indic\u00f3.<\/p>\n<p><strong>Plan de contingencia<\/strong><\/p>\n<p>Asegur\u00f3 que el municipio \u201ctom\u00f3 un rol importante para cada una de las acciones que se llevaron adelante dise\u00f1ando un\u00a0<strong>plan de contingencia con el objetivo de llegar a los sectores m\u00e1s vulnerables<\/strong>, teniendo toda la log\u00edstica para la entrega de viandas para las familias que asist\u00edan al comedor, y todo el trabajo en conjunto con el personal de la Escuela 250 y recursos del Ministerio de Educaci\u00f3n que nunca dej\u00f3 de transferir. Y por eso se pudo llegar con la repuesta a cada una de las familias que m\u00e1s lo necesitaron. Esto fue una fuerte decisi\u00f3n del Gobierno de La Pampa para que se pudiese concretar\u201d, reiter\u00f3.<\/p>\n<p>En relaci\u00f3n al\u00a0<strong>Procrear<\/strong>\u00a0pampeano, un programa anunciado en su oportunidad por el gobernador, Sergio Ziliotto, y a trav\u00e9s de un trabajo coordinado con el Banco de La Pampa \u201cseguramente dar\u00e1 repuestas a un sector importante de la poblaci\u00f3n, la cual seguramente no encuadra para una vivienda social o una plan \u00abMi Casa\u00bb pero si podr\u00eda serlo en algo parecido al Procrear, el cual fue muy exitoso en su primera etapa\u201d.<\/p>\n<p><a href=\"http:\/\/oasisfm935.com\/site\/wp-content\/uploads\/2020\/06\/CASA.jpg\"><img loading=\"lazy\" decoding=\"async\" class=\"alignnone size-full wp-image-5064\" src=\"http:\/\/oasisfm935.com\/site\/wp-content\/uploads\/2020\/06\/CASA.jpg\" alt=\"\" width=\"2000\" height=\"1500\" srcset=\"https:\/\/oasisfm935.com.ar\/site\/wp-content\/uploads\/2020\/06\/CASA.jpg 2000w, https:\/\/oasisfm935.com.ar\/site\/wp-content\/uploads\/2020\/06\/CASA-300x225.jpg 300w, https:\/\/oasisfm935.com.ar\/site\/wp-content\/uploads\/2020\/06\/CASA-1024x768.jpg 1024w, https:\/\/oasisfm935.com.ar\/site\/wp-content\/uploads\/2020\/06\/CASA-768x576.jpg 768w, https:\/\/oasisfm935.com.ar\/site\/wp-content\/uploads\/2020\/06\/CASA-1536x1152.jpg 1536w\" sizes=\"auto, (max-width: 2000px) 100vw, 2000px\" \/><\/a><\/p>\n<p>Apunt\u00f3 que en Ingeniero Luiggi hay gente que puede acceder a un programa similar, \u201cson familias con trabajos y sueldos que pueden acceder a una oferta de este tipo para darle repuesta a su vivienda propia\u201d.<\/p>\n<p><strong>Red terciaria<\/strong><br \/>\nLa jefa comunal habl\u00f3 sobre el mantenimiento de la red terciaria \u201calgo que no es barato para el municipio y en lo cual hab\u00eda un trabajo planificado en forma conjunta con Vialidad Provincial dentro de un marco de la ley de Descentralizaci\u00f3n a la que calific\u00f3 como \u201ccolumna vertebral\u201d para los municipios y de la que le toc\u00f3 participar como parte del debate en la C\u00e1mara de Diputados en su funci\u00f3n de legisladora, luego en el paso por el Ministerio de Desarrollo Social y hoy desde el punto de vista del municipio.<\/p>\n<p>Asegur\u00f3 que la intenci\u00f3n es\u00a0<strong>dar repuesta al sector agropecuario con inversiones en caminos<\/strong>\u00a0que sufren deterioro durante la cosecha \u201cpero lo tenemos presente, atendemos los reclamos\u201d. Coment\u00f3 que existe un Consejo donde se eval\u00faan las decisiones sobre el mantenimiento de los caminos, \u201cpara nosotros tambi\u00e9n es prioritaria la atenci\u00f3n del sector agropecuario porque sabemos lo que significa, y la muestra fue con las inundaciones que afect\u00f3 a la econom\u00eda local y provincial\u201d, enfatiz\u00f3.<\/p>\n<p><strong>Econom\u00eda social, para otro sector de la poblaci\u00f3n<\/strong><\/p>\n<p>La intendenta se refiri\u00f3 al acompa\u00f1amiento de un sector importante de la poblaci\u00f3n como es el que tiene como destino los cr\u00e9ditos de Econom\u00eda Social, \u00abpara lo cual hay montos importantes, que sumados al recupero \u201cqueremos estar presentes en la econom\u00eda local y familiar donde es importante poder tener mejor producci\u00f3n como aquellos que se dedican a la gastronom\u00eda o la elaboraci\u00f3n de alimentos, entre otras cosas\u201d, inform\u00f3 Lavin.<\/p>\n<p><iframe loading=\"lazy\" title=\"Luiggi apunta al sector agropecuario y la obra p\u00fablica y privada\" width=\"800\" height=\"450\" src=\"https:\/\/www.youtube.com\/embed\/_a2pn_tgcGM?feature=oembed\" frameborder=\"0\" allow=\"accelerometer; autoplay; encrypted-media; gyroscope; picture-in-picture\" allowfullscreen><\/iframe><\/p>\n<div class=\"oasis-despues-del-contenido\" id=\"oasis-2633954860\"><img loading=\"lazy\" decoding=\"async\" src=\"https:\/\/oasisfm935.com.ar\/site\/wp-content\/uploads\/2020\/08\/47806202-8741-49f2-a5c9-d2f930e5baa1.jpg\" alt=\"\"  srcset=\"https:\/\/oasisfm935.com.ar\/site\/wp-content\/uploads\/2020\/08\/47806202-8741-49f2-a5c9-d2f930e5baa1.jpg 1080w, https:\/\/oasisfm935.com.ar\/site\/wp-content\/uploads\/2020\/08\/47806202-8741-49f2-a5c9-d2f930e5baa1-300x300.jpg 300w, https:\/\/oasisfm935.com.ar\/site\/wp-content\/uploads\/2020\/08\/47806202-8741-49f2-a5c9-d2f930e5baa1-1024x1024.jpg 1024w, https:\/\/oasisfm935.com.ar\/site\/wp-content\/uploads\/2020\/08\/47806202-8741-49f2-a5c9-d2f930e5baa1-150x150.jpg 150w, https:\/\/oasisfm935.com.ar\/site\/wp-content\/uploads\/2020\/08\/47806202-8741-49f2-a5c9-d2f930e5baa1-768x768.jpg 768w\" sizes=\"(max-width: 1080px) 100vw, 1080px\" class=\"no-lazyload\" width=\"1080\" height=\"1080\"  style=\"display: inline-block;\" \/><\/div>","protected":false},"excerpt":{"rendered":"<p>La intendenta de Ingeniero Luiggi, Patricia Lav\u00edn, asegur\u00f3 que el movimiento del sector agropecuario y las obras p\u00fablicas y privadas \u201cser\u00e1n el<\/p>\n","protected":false},"author":4,"featured_media":5060,"comment_status":"closed","ping_status":"open","sticky":false,"template":"","format":"standard","meta":{"colormag_page_layout":"default_layout","footnotes":""},"categories":[2],"tags":[],"class_list":["post-5059","post","type-post","status-publish","format-standard","has-post-thumbnail","hentry","category-noticias"],"_links":{"self":[{"href":"https:\/\/oasisfm935.com.ar\/site\/wp-json\/wp\/v2\/posts\/5059","targetHints":{"allow":["GET"]}}],"collection":[{"href":"https:\/\/oasisfm935.com.ar\/site\/wp-json\/wp\/v2\/posts"}],"about":[{"href":"https:\/\/oasisfm935.com.ar\/site\/wp-json\/wp\/v2\/types\/post"}],"author":[{"embeddable":true,"href":"https:\/\/oasisfm935.com.ar\/site\/wp-json\/wp\/v2\/users\/4"}],"replies":[{"embeddable":true,"href":"https:\/\/oasisfm935.com.ar\/site\/wp-json\/wp\/v2\/comments?post=5059"}],"version-history":[{"count":4,"href":"https:\/\/oasisfm935.com.ar\/site\/wp-json\/wp\/v2\/posts\/5059\/revisions"}],"predecessor-version":[{"id":5065,"href":"https:\/\/oasisfm935.com.ar\/site\/wp-json\/wp\/v2\/posts\/5059\/revisions\/5065"}],"wp:featuredmedia":[{"embeddable":true,"href":"https:\/\/oasisfm935.com.ar\/site\/wp-json\/wp\/v2\/media\/5060"}],"wp:attachment":[{"href":"https:\/\/oasisfm935.com.ar\/site\/wp-json\/wp\/v2\/media?parent=5059"}],"wp:term":[{"taxonomy":"category","embeddable":true,"href":"https:\/\/oasisfm935.com.ar\/site\/wp-json\/wp\/v2\/categories?post=5059"},{"taxonomy":"post_tag","embeddable":true,"href":"https:\/\/oasisfm935.com.ar\/site\/wp-json\/wp\/v2\/tags?post=5059"}],"curies":[{"name":"wp","href":"https:\/\/api.w.org\/{rel}","templated":true}]}}