{"id":5074,"date":"2020-06-12T11:31:11","date_gmt":"2020-06-12T14:31:11","guid":{"rendered":"http:\/\/oasisfm935.com\/site\/?p=5074"},"modified":"2020-06-12T11:31:11","modified_gmt":"2020-06-12T14:31:11","slug":"un-intendente-mendocino-comparo-a-la-pampa-con-el-nazismo","status":"publish","type":"post","link":"https:\/\/oasisfm935.com.ar\/site\/un-intendente-mendocino-comparo-a-la-pampa-con-el-nazismo\/","title":{"rendered":"Un intendente mendocino compar\u00f3 a La Pampa con el nazismo"},"content":{"rendered":"<p>El intendente mendocino de<strong>\u00a0Tupungato, Gustavo Soto (UCR \u2013 Juntos por el Cambio)<\/strong>\u00a0dijo que en nuestra provincia se realizan pr\u00e1cticas nazis: \u201c<strong>Es bueno que los pampeanos sepan que La Pampa hace lo que hac\u00eda el nazismo adoctrinando en las escuelas<\/strong>\u201d, dijo esta ma\u00f1ana, en una entrevista radial.<\/p>\n<p><strong>Soto se mostr\u00f3 molesto por las declaraciones del presidente Alberto Fern\u00e1ndez acerca de la financiaci\u00f3n para la represa hidroel\u00e9ctrica Portezuelo del Viento<\/strong>\u00a0y cuestion\u00f3 sus argumentos: \u201cNos desayunamos de un d\u00eda para el otro que el presidente dice que est\u00e1 financiando una obra para Mendoza. No est\u00e1 financiando nada. Es plata de los mendocinos que nosotros decidimos usarla en Portezuelo. Pero de la noche a la ma\u00f1ana el presidente anuncia que no va a financiarlo m\u00e1s porque La Pampa hace un planteo\u201d.<\/p>\n<p>\u201cEs bueno que los pampeanos sepan que La Pampa hace lo que hac\u00eda el nazismo adoctrinando en las escuelas.\u00a0<strong>Diciendo a los ni\u00f1os que Mendoza les est\u00e1 robando el agua y no hay nada m\u00e1s alejado de la realidad. Eso no es as\u00ed<\/strong>\u201d, remarc\u00f3 en MDZ Radio.<\/p>\n<p>\u201cQue no vengan a meterse con recursos genuinos de los mendocinos. Son recursos nuestros\u201d, afirm\u00f3 el intendente mendocino y carg\u00f3 las tintas contra el gobierno pampeano y su eterna pelea con Mendoza. \u201c<strong>Es una cuesti\u00f3n de fanatismo ni siquiera infantil. Temerario. Es decir no porque no. Es plata que la Naci\u00f3n le debe a Mendoza. Es plata nuestra que los mendocinos hemos decidido usarlo en Portezuelo. Me gustar\u00eda saber qu\u00e9 hizo La Pampa con la plata que cobr\u00f3 en 2006.<\/strong>\u00a0Nosotros lo queremos para obra\u201d, sentenci\u00f3.<\/p>\n<p><strong>\u201cAc\u00e1 hay mucho relato, mucha falacia y el concepto del miente miente que algo quedar\u00e1. Es goebbeliano y por eso me animo a decir con firmeza que es lo mismo que el adoctrinamiento de la poblaci\u00f3n en la Alemania Nazi<\/strong>\u201d, concluy\u00f3 Soto haciendo referencia a Joseph Goebbels, el principal referente comunicacional del gobierno de Adolf Hitler.<\/p>\n<p>La\u00a0<strong>semana pasada, el ministro del Interior, Wado de Pedro, revoc\u00f3 una resoluci\u00f3n del macrismo que hab\u00eda anulado el pedido del laudo presidencial<\/strong>\u00a0pedido por nuestra provincia y convoc\u00f3 a los gobernadores de Neuqu\u00e9n, R\u00edo Negro, Buenos Aires, La Pampa y Mendoza a una reuni\u00f3n del Consejo de Gobierno del Comit\u00e9 Interjurisdiccional del R\u00edo Colorado (Coirco) el pr\u00f3ximo 26 de junio.<\/p>\n<p>Se descuenta que ahora, con la mayor\u00eda de los mandatarios y la oposici\u00f3n de Mendoza, se aprobar\u00e1 ese d\u00eda\u00a0<strong>la realizaci\u00f3n de un estudio de impacto ambiental integral de la cuenca antes de avanzarse con la construcci\u00f3n de la represa<\/strong>\u00a0hidroel\u00e9ctrica Portezuelo del Viento.<\/p>\n<div class=\"oasis-despues-del-contenido\" id=\"oasis-1914138846\"><img loading=\"lazy\" decoding=\"async\" src=\"https:\/\/oasisfm935.com.ar\/site\/wp-content\/uploads\/2020\/08\/47806202-8741-49f2-a5c9-d2f930e5baa1.jpg\" alt=\"\"  srcset=\"https:\/\/oasisfm935.com.ar\/site\/wp-content\/uploads\/2020\/08\/47806202-8741-49f2-a5c9-d2f930e5baa1.jpg 1080w, https:\/\/oasisfm935.com.ar\/site\/wp-content\/uploads\/2020\/08\/47806202-8741-49f2-a5c9-d2f930e5baa1-300x300.jpg 300w, https:\/\/oasisfm935.com.ar\/site\/wp-content\/uploads\/2020\/08\/47806202-8741-49f2-a5c9-d2f930e5baa1-1024x1024.jpg 1024w, https:\/\/oasisfm935.com.ar\/site\/wp-content\/uploads\/2020\/08\/47806202-8741-49f2-a5c9-d2f930e5baa1-150x150.jpg 150w, https:\/\/oasisfm935.com.ar\/site\/wp-content\/uploads\/2020\/08\/47806202-8741-49f2-a5c9-d2f930e5baa1-768x768.jpg 768w\" sizes=\"(max-width: 1080px) 100vw, 1080px\" class=\"no-lazyload\" width=\"1080\" height=\"1080\"  style=\"display: inline-block;\" \/><\/div>","protected":false},"excerpt":{"rendered":"<p>El intendente mendocino de\u00a0Tupungato, Gustavo Soto (UCR \u2013 Juntos por el Cambio)\u00a0dijo que en nuestra provincia se realizan pr\u00e1cticas nazis: \u201cEs bueno<\/p>\n","protected":false},"author":4,"featured_media":5075,"comment_status":"closed","ping_status":"open","sticky":false,"template":"","format":"standard","meta":{"colormag_page_layout":"default_layout","footnotes":""},"categories":[2],"tags":[],"class_list":["post-5074","post","type-post","status-publish","format-standard","has-post-thumbnail","hentry","category-noticias"],"_links":{"self":[{"href":"https:\/\/oasisfm935.com.ar\/site\/wp-json\/wp\/v2\/posts\/5074","targetHints":{"allow":["GET"]}}],"collection":[{"href":"https:\/\/oasisfm935.com.ar\/site\/wp-json\/wp\/v2\/posts"}],"about":[{"href":"https:\/\/oasisfm935.com.ar\/site\/wp-json\/wp\/v2\/types\/post"}],"author":[{"embeddable":true,"href":"https:\/\/oasisfm935.com.ar\/site\/wp-json\/wp\/v2\/users\/4"}],"replies":[{"embeddable":true,"href":"https:\/\/oasisfm935.com.ar\/site\/wp-json\/wp\/v2\/comments?post=5074"}],"version-history":[{"count":1,"href":"https:\/\/oasisfm935.com.ar\/site\/wp-json\/wp\/v2\/posts\/5074\/revisions"}],"predecessor-version":[{"id":5076,"href":"https:\/\/oasisfm935.com.ar\/site\/wp-json\/wp\/v2\/posts\/5074\/revisions\/5076"}],"wp:featuredmedia":[{"embeddable":true,"href":"https:\/\/oasisfm935.com.ar\/site\/wp-json\/wp\/v2\/media\/5075"}],"wp:attachment":[{"href":"https:\/\/oasisfm935.com.ar\/site\/wp-json\/wp\/v2\/media?parent=5074"}],"wp:term":[{"taxonomy":"category","embeddable":true,"href":"https:\/\/oasisfm935.com.ar\/site\/wp-json\/wp\/v2\/categories?post=5074"},{"taxonomy":"post_tag","embeddable":true,"href":"https:\/\/oasisfm935.com.ar\/site\/wp-json\/wp\/v2\/tags?post=5074"}],"curies":[{"name":"wp","href":"https:\/\/api.w.org\/{rel}","templated":true}]}}