{"id":5077,"date":"2020-06-12T12:26:17","date_gmt":"2020-06-12T15:26:17","guid":{"rendered":"http:\/\/oasisfm935.com\/site\/?p=5077"},"modified":"2020-06-12T12:29:57","modified_gmt":"2020-06-12T15:29:57","slug":"el-gobierno-pampeano-habilito-el-transporte-de-micros-y-combis","status":"publish","type":"post","link":"https:\/\/oasisfm935.com.ar\/site\/el-gobierno-pampeano-habilito-el-transporte-de-micros-y-combis\/","title":{"rendered":"El Gobierno pampeano habilit\u00f3 el transporte de micros y combis"},"content":{"rendered":"<p>El gobernador Sergio Ziliotto anunci\u00f3 que habilitar\u00e1n desde la semana pr\u00f3xima a los micros y buses entre las localidades de La Pampa.<\/p>\n<p>La Pampa ya ha recuperado buena parte de las actividades econ\u00f3micas, deportivas y recreativas e ingres\u00f3 este lunes en la nueva etapa de la cuarentena: del aislamiento al distanciamiento social, por lo que ya no es obligatorio para los pampeanos permanecer en sus casas.<\/p>\n<p>Adem\u00e1s, la provincia cumpli\u00f3 hoy 65 d\u00edas sin nuevos casos positivos de Covid-19. Hasta el momento, tiene 5 positivos -4 de Santa Rosa y uno de Pico-, todos ya recuperados.<\/p>\n<div class=\"oasis-despues-del-contenido\" id=\"oasis-1887491904\"><img loading=\"lazy\" decoding=\"async\" src=\"https:\/\/oasisfm935.com.ar\/site\/wp-content\/uploads\/2020\/08\/47806202-8741-49f2-a5c9-d2f930e5baa1.jpg\" alt=\"\"  srcset=\"https:\/\/oasisfm935.com.ar\/site\/wp-content\/uploads\/2020\/08\/47806202-8741-49f2-a5c9-d2f930e5baa1.jpg 1080w, https:\/\/oasisfm935.com.ar\/site\/wp-content\/uploads\/2020\/08\/47806202-8741-49f2-a5c9-d2f930e5baa1-300x300.jpg 300w, https:\/\/oasisfm935.com.ar\/site\/wp-content\/uploads\/2020\/08\/47806202-8741-49f2-a5c9-d2f930e5baa1-1024x1024.jpg 1024w, https:\/\/oasisfm935.com.ar\/site\/wp-content\/uploads\/2020\/08\/47806202-8741-49f2-a5c9-d2f930e5baa1-150x150.jpg 150w, https:\/\/oasisfm935.com.ar\/site\/wp-content\/uploads\/2020\/08\/47806202-8741-49f2-a5c9-d2f930e5baa1-768x768.jpg 768w\" sizes=\"(max-width: 1080px) 100vw, 1080px\" class=\"no-lazyload\" width=\"1080\" height=\"1080\"  style=\"display: inline-block;\" \/><\/div>","protected":false},"excerpt":{"rendered":"<p>El gobernador Sergio Ziliotto anunci\u00f3 que habilitar\u00e1n desde la semana pr\u00f3xima a los micros y buses entre las localidades de La Pampa.<\/p>\n","protected":false},"author":4,"featured_media":5080,"comment_status":"closed","ping_status":"open","sticky":false,"template":"","format":"standard","meta":{"colormag_page_layout":"default_layout","footnotes":""},"categories":[2],"tags":[],"class_list":["post-5077","post","type-post","status-publish","format-standard","has-post-thumbnail","hentry","category-noticias"],"_links":{"self":[{"href":"https:\/\/oasisfm935.com.ar\/site\/wp-json\/wp\/v2\/posts\/5077","targetHints":{"allow":["GET"]}}],"collection":[{"href":"https:\/\/oasisfm935.com.ar\/site\/wp-json\/wp\/v2\/posts"}],"about":[{"href":"https:\/\/oasisfm935.com.ar\/site\/wp-json\/wp\/v2\/types\/post"}],"author":[{"embeddable":true,"href":"https:\/\/oasisfm935.com.ar\/site\/wp-json\/wp\/v2\/users\/4"}],"replies":[{"embeddable":true,"href":"https:\/\/oasisfm935.com.ar\/site\/wp-json\/wp\/v2\/comments?post=5077"}],"version-history":[{"count":1,"href":"https:\/\/oasisfm935.com.ar\/site\/wp-json\/wp\/v2\/posts\/5077\/revisions"}],"predecessor-version":[{"id":5079,"href":"https:\/\/oasisfm935.com.ar\/site\/wp-json\/wp\/v2\/posts\/5077\/revisions\/5079"}],"wp:featuredmedia":[{"embeddable":true,"href":"https:\/\/oasisfm935.com.ar\/site\/wp-json\/wp\/v2\/media\/5080"}],"wp:attachment":[{"href":"https:\/\/oasisfm935.com.ar\/site\/wp-json\/wp\/v2\/media?parent=5077"}],"wp:term":[{"taxonomy":"category","embeddable":true,"href":"https:\/\/oasisfm935.com.ar\/site\/wp-json\/wp\/v2\/categories?post=5077"},{"taxonomy":"post_tag","embeddable":true,"href":"https:\/\/oasisfm935.com.ar\/site\/wp-json\/wp\/v2\/tags?post=5077"}],"curies":[{"name":"wp","href":"https:\/\/api.w.org\/{rel}","templated":true}]}}