{"id":5086,"date":"2020-06-12T12:50:30","date_gmt":"2020-06-12T15:50:30","guid":{"rendered":"http:\/\/oasisfm935.com\/site\/?p=5086"},"modified":"2020-06-12T14:21:37","modified_gmt":"2020-06-12T17:21:37","slug":"ziliotto-cuestiono-el-relajamiento-social-menos-del-50-usa-el-barbijo","status":"publish","type":"post","link":"https:\/\/oasisfm935.com.ar\/site\/ziliotto-cuestiono-el-relajamiento-social-menos-del-50-usa-el-barbijo\/","title":{"rendered":"Ziliotto cuestion\u00f3 el relajamiento social: \u00abMenos del 50% usa el barbijo\u00bb"},"content":{"rendered":"<p><strong>l gobernador Ziliotto se quej\u00f3 del \u00abrelajamiento social\u00bb<\/strong>. Puso como ejemplo que el domingo la circulaci\u00f3n fue superior a la previa de la cuarentena.<\/p>\n<p>\u00abEsto lo ganamos entre todos pero tenemos que ser claros: esto nos const\u00f3 mucho no lo tiremos por la borda. Lamentablemente, hoy el barbijo lo usa menos del 50% de la sociedad, hay un relajamiento, no sabemos basado en qu\u00e9, pero no tenemos que relajarnos. Estamos entrando en una etapa donde la mayor herramienta que tenemos es la respoanbilidad social. El estado no va a poder controlar todo. No tiremos por la borda lo que tanto nos cost\u00f3\u00bb, dijo este viernes el gobernador Sergio Ziliotto.<\/p>\n<p>Pidi\u00f3 controles para la gente que viene de otras provincias.\u00a0<strong>\u00abEs la llave para que podamos seguir con esta posibilidad de tener la mayor libertad posible y realizar las actividades como la ten\u00edamos antes de la pandemia. A mucha gente le cost\u00f3 hasta pasar hambre. El hecho de que a mi no me va a tocar no va m\u00e1s. Tengamos mucho cuidado. La sociedad cuando sepa que una persona vino de afuera cumplamos con el distanciamiento social\u00bb<\/strong>, afirm\u00f3.<\/p>\n<p>Se quej\u00f3 porque en Santa Rosa la movilizaci\u00f3n de gente del domingo pasado fue superior a la que era antes de la cuarentena.\u00a0<strong>\u00abHubo m\u00e1s movimiento que antes de la pandemia. Hubo gente que viol\u00f3 la cuarentena\u00bb<\/strong>, dijo.<\/p>\n<p>Sobre la circulaci\u00f3n entre la provincia de La Pampa y San Luis, anunci\u00f3 que desde la semana que viene va a estar en marcha una p\u00e1gina web donde las personas que van de una provincia a otra se van a tener que registrar con datos como veh\u00edculos, itinerario.<\/p>\n<p><strong>\u00abVamos a saber la trazabilidad si aparece un caso para saber d\u00f3nde tenemos que focalizar los posibles casos\u00bb<\/strong>, dijo.\u00a0<strong>\u00abNo queremos tener margen de error y por eso queremos conocer qui\u00e9nes se movilizan\u00bb<\/strong>, explic\u00f3.<\/p>\n<p>Sobre el regreso de pampeanos de otras provincias, el ministro de Gobierno, Daniel Pablo Bensus\u00e1n dijo que hubo 1300 solicitudes para ser autorizadas del programa Regreso a Casa y han regresado 750 a la provincia.<\/p>\n<div class=\"oasis-despues-del-contenido\" id=\"oasis-1503454484\"><img loading=\"lazy\" decoding=\"async\" src=\"https:\/\/oasisfm935.com.ar\/site\/wp-content\/uploads\/2020\/08\/47806202-8741-49f2-a5c9-d2f930e5baa1.jpg\" alt=\"\"  srcset=\"https:\/\/oasisfm935.com.ar\/site\/wp-content\/uploads\/2020\/08\/47806202-8741-49f2-a5c9-d2f930e5baa1.jpg 1080w, https:\/\/oasisfm935.com.ar\/site\/wp-content\/uploads\/2020\/08\/47806202-8741-49f2-a5c9-d2f930e5baa1-300x300.jpg 300w, https:\/\/oasisfm935.com.ar\/site\/wp-content\/uploads\/2020\/08\/47806202-8741-49f2-a5c9-d2f930e5baa1-1024x1024.jpg 1024w, https:\/\/oasisfm935.com.ar\/site\/wp-content\/uploads\/2020\/08\/47806202-8741-49f2-a5c9-d2f930e5baa1-150x150.jpg 150w, https:\/\/oasisfm935.com.ar\/site\/wp-content\/uploads\/2020\/08\/47806202-8741-49f2-a5c9-d2f930e5baa1-768x768.jpg 768w\" sizes=\"(max-width: 1080px) 100vw, 1080px\" class=\"no-lazyload\" width=\"1080\" height=\"1080\"  style=\"display: inline-block;\" \/><\/div>","protected":false},"excerpt":{"rendered":"<p>l gobernador Ziliotto se quej\u00f3 del \u00abrelajamiento social\u00bb. Puso como ejemplo que el domingo la circulaci\u00f3n fue superior a la previa de<\/p>\n","protected":false},"author":4,"featured_media":4485,"comment_status":"closed","ping_status":"open","sticky":false,"template":"","format":"standard","meta":{"colormag_page_layout":"default_layout","footnotes":""},"categories":[2],"tags":[],"class_list":["post-5086","post","type-post","status-publish","format-standard","has-post-thumbnail","hentry","category-noticias"],"_links":{"self":[{"href":"https:\/\/oasisfm935.com.ar\/site\/wp-json\/wp\/v2\/posts\/5086","targetHints":{"allow":["GET"]}}],"collection":[{"href":"https:\/\/oasisfm935.com.ar\/site\/wp-json\/wp\/v2\/posts"}],"about":[{"href":"https:\/\/oasisfm935.com.ar\/site\/wp-json\/wp\/v2\/types\/post"}],"author":[{"embeddable":true,"href":"https:\/\/oasisfm935.com.ar\/site\/wp-json\/wp\/v2\/users\/4"}],"replies":[{"embeddable":true,"href":"https:\/\/oasisfm935.com.ar\/site\/wp-json\/wp\/v2\/comments?post=5086"}],"version-history":[{"count":3,"href":"https:\/\/oasisfm935.com.ar\/site\/wp-json\/wp\/v2\/posts\/5086\/revisions"}],"predecessor-version":[{"id":5091,"href":"https:\/\/oasisfm935.com.ar\/site\/wp-json\/wp\/v2\/posts\/5086\/revisions\/5091"}],"wp:featuredmedia":[{"embeddable":true,"href":"https:\/\/oasisfm935.com.ar\/site\/wp-json\/wp\/v2\/media\/4485"}],"wp:attachment":[{"href":"https:\/\/oasisfm935.com.ar\/site\/wp-json\/wp\/v2\/media?parent=5086"}],"wp:term":[{"taxonomy":"category","embeddable":true,"href":"https:\/\/oasisfm935.com.ar\/site\/wp-json\/wp\/v2\/categories?post=5086"},{"taxonomy":"post_tag","embeddable":true,"href":"https:\/\/oasisfm935.com.ar\/site\/wp-json\/wp\/v2\/tags?post=5086"}],"curies":[{"name":"wp","href":"https:\/\/api.w.org\/{rel}","templated":true}]}}