{"id":509,"date":"2019-01-25T15:04:59","date_gmt":"2019-01-25T18:04:59","guid":{"rendered":"http:\/\/oasisfm935.com\/site\/?p=509"},"modified":"2019-01-25T15:05:21","modified_gmt":"2019-01-25T18:05:21","slug":"emiten-otra-vez-un-alerta-por-tormentas-fuertes","status":"publish","type":"post","link":"https:\/\/oasisfm935.com.ar\/site\/emiten-otra-vez-un-alerta-por-tormentas-fuertes\/","title":{"rendered":"Emiten otra vez un alerta por tormentas fuertes"},"content":{"rendered":"<div class=\"itemIntroText\">\n<p>Se prev\u00e9n tormentas fuertes para gran parte del centro del pa\u00eds que incluye al Noreste de La Pampa. \u00c1reas de tormentas ya afectan parcialmente la zona de cobertura.<\/p>\n<\/div>\n<div class=\"itemFullText\">\n<p><strong>Tormentas Fuertes<\/strong><\/p>\n<p><strong>Zonas:<\/strong>\u00a0Noreste de La Pampa, Sur, centro y noroeste de la provincia de Buenos Aires, Sur de C\u00f3rdoba, Sudeste de Mendoza, Centro y sur de San Luis, Sur de Santa Fe.<\/p>\n<blockquote><p>\u00c1reas de tormentas afectan parcialmente la zona de cobertura. Se prev\u00e9 que algunas puedan ser localmente fuertes, estar acompa\u00f1adas de abundante ca\u00edda de agua en cortos per\u00edodos, fuerte actividad el\u00e9ctrica, ocasional ca\u00edda de granizo e intensas r\u00e1fagas. Si bien en el sudeste de Mendoza y centro y sur de San Luis las condiciones han mejorado temporariamente, se espera que en el transcurso de las pr\u00f3ximas horas nuevamente se desarrollen tormentas fuertes en forma aislada. Se determina el cese de alerta para el sur y noroeste de La Pampa, norte de San Luis, manteniendo igualmente el \u00e1rea bajo vigilancia meteorol\u00f3gica.<\/p><\/blockquote>\n<\/div>\n<div class=\"oasis-despues-del-contenido\" id=\"oasis-1487476000\"><img loading=\"lazy\" decoding=\"async\" src=\"https:\/\/oasisfm935.com.ar\/site\/wp-content\/uploads\/2020\/08\/47806202-8741-49f2-a5c9-d2f930e5baa1.jpg\" alt=\"\"  srcset=\"https:\/\/oasisfm935.com.ar\/site\/wp-content\/uploads\/2020\/08\/47806202-8741-49f2-a5c9-d2f930e5baa1.jpg 1080w, https:\/\/oasisfm935.com.ar\/site\/wp-content\/uploads\/2020\/08\/47806202-8741-49f2-a5c9-d2f930e5baa1-300x300.jpg 300w, https:\/\/oasisfm935.com.ar\/site\/wp-content\/uploads\/2020\/08\/47806202-8741-49f2-a5c9-d2f930e5baa1-1024x1024.jpg 1024w, https:\/\/oasisfm935.com.ar\/site\/wp-content\/uploads\/2020\/08\/47806202-8741-49f2-a5c9-d2f930e5baa1-150x150.jpg 150w, https:\/\/oasisfm935.com.ar\/site\/wp-content\/uploads\/2020\/08\/47806202-8741-49f2-a5c9-d2f930e5baa1-768x768.jpg 768w\" sizes=\"(max-width: 1080px) 100vw, 1080px\" class=\"no-lazyload\" width=\"1080\" height=\"1080\"  style=\"display: inline-block;\" \/><\/div>","protected":false},"excerpt":{"rendered":"<p>Se prev\u00e9n tormentas fuertes para gran parte del centro del pa\u00eds que incluye al Noreste de La Pampa. \u00c1reas de tormentas ya<\/p>\n","protected":false},"author":4,"featured_media":510,"comment_status":"closed","ping_status":"open","sticky":false,"template":"","format":"standard","meta":{"colormag_page_layout":"default_layout","footnotes":""},"categories":[2],"tags":[],"class_list":["post-509","post","type-post","status-publish","format-standard","has-post-thumbnail","hentry","category-noticias"],"_links":{"self":[{"href":"https:\/\/oasisfm935.com.ar\/site\/wp-json\/wp\/v2\/posts\/509","targetHints":{"allow":["GET"]}}],"collection":[{"href":"https:\/\/oasisfm935.com.ar\/site\/wp-json\/wp\/v2\/posts"}],"about":[{"href":"https:\/\/oasisfm935.com.ar\/site\/wp-json\/wp\/v2\/types\/post"}],"author":[{"embeddable":true,"href":"https:\/\/oasisfm935.com.ar\/site\/wp-json\/wp\/v2\/users\/4"}],"replies":[{"embeddable":true,"href":"https:\/\/oasisfm935.com.ar\/site\/wp-json\/wp\/v2\/comments?post=509"}],"version-history":[{"count":1,"href":"https:\/\/oasisfm935.com.ar\/site\/wp-json\/wp\/v2\/posts\/509\/revisions"}],"predecessor-version":[{"id":511,"href":"https:\/\/oasisfm935.com.ar\/site\/wp-json\/wp\/v2\/posts\/509\/revisions\/511"}],"wp:featuredmedia":[{"embeddable":true,"href":"https:\/\/oasisfm935.com.ar\/site\/wp-json\/wp\/v2\/media\/510"}],"wp:attachment":[{"href":"https:\/\/oasisfm935.com.ar\/site\/wp-json\/wp\/v2\/media?parent=509"}],"wp:term":[{"taxonomy":"category","embeddable":true,"href":"https:\/\/oasisfm935.com.ar\/site\/wp-json\/wp\/v2\/categories?post=509"},{"taxonomy":"post_tag","embeddable":true,"href":"https:\/\/oasisfm935.com.ar\/site\/wp-json\/wp\/v2\/tags?post=509"}],"curies":[{"name":"wp","href":"https:\/\/api.w.org\/{rel}","templated":true}]}}