{"id":5095,"date":"2020-06-13T22:41:25","date_gmt":"2020-06-14T01:41:25","guid":{"rendered":"http:\/\/oasisfm935.com\/site\/?p=5095"},"modified":"2020-06-13T22:41:25","modified_gmt":"2020-06-14T01:41:25","slug":"el-ex-presidente-carlos-menem-fue-internado-de-urgencia","status":"publish","type":"post","link":"https:\/\/oasisfm935.com.ar\/site\/el-ex-presidente-carlos-menem-fue-internado-de-urgencia\/","title":{"rendered":"El ex presidente Carlos Menem fue internado de urgencia"},"content":{"rendered":"<p>&nbsp;<\/p>\n<div class=\"post-meta\">\n<p><b>El expresidente se encuentra internado y ya le fue realizado el hisopado correspondiente para determinar si tiene COVID-19.<\/b><\/p>\n<p>En la tarde del s\u00e1bado,\u00a0la familia del expresidente Carlos Menem inform\u00f3 que fue internado y le fue realizado el hisopado para saber si tiene coronavirus.<\/p>\n<p>El actual senador se encuentra en el Instituto de Diagn\u00f3stico a la espera de resultados, ya que arroj\u00f3 valores muy bajos en una\u00a0medici\u00f3n de saturaci\u00f3n de ox\u00edgeno en sangre.<\/p>\n<p>Seg\u00fan comentaron sus allegados, las posibilidades de que se haya contagiado de coronavirus son muy bajas, dado que el exmandatario viene cumpliendo la cuarentena al pie de la letra.<\/p>\n<\/div>\n<div class=\"oasis-despues-del-contenido\" id=\"oasis-1676068614\"><img loading=\"lazy\" decoding=\"async\" src=\"https:\/\/oasisfm935.com.ar\/site\/wp-content\/uploads\/2020\/08\/47806202-8741-49f2-a5c9-d2f930e5baa1.jpg\" alt=\"\"  srcset=\"https:\/\/oasisfm935.com.ar\/site\/wp-content\/uploads\/2020\/08\/47806202-8741-49f2-a5c9-d2f930e5baa1.jpg 1080w, https:\/\/oasisfm935.com.ar\/site\/wp-content\/uploads\/2020\/08\/47806202-8741-49f2-a5c9-d2f930e5baa1-300x300.jpg 300w, https:\/\/oasisfm935.com.ar\/site\/wp-content\/uploads\/2020\/08\/47806202-8741-49f2-a5c9-d2f930e5baa1-1024x1024.jpg 1024w, https:\/\/oasisfm935.com.ar\/site\/wp-content\/uploads\/2020\/08\/47806202-8741-49f2-a5c9-d2f930e5baa1-150x150.jpg 150w, https:\/\/oasisfm935.com.ar\/site\/wp-content\/uploads\/2020\/08\/47806202-8741-49f2-a5c9-d2f930e5baa1-768x768.jpg 768w\" sizes=\"(max-width: 1080px) 100vw, 1080px\" class=\"no-lazyload\" width=\"1080\" height=\"1080\"  style=\"display: inline-block;\" \/><\/div>","protected":false},"excerpt":{"rendered":"<p>&nbsp; El expresidente se encuentra internado y ya le fue realizado el hisopado correspondiente para determinar si tiene COVID-19. En la tarde<\/p>\n","protected":false},"author":4,"featured_media":5099,"comment_status":"closed","ping_status":"open","sticky":false,"template":"","format":"standard","meta":{"colormag_page_layout":"default_layout","footnotes":""},"categories":[2],"tags":[],"class_list":["post-5095","post","type-post","status-publish","format-standard","has-post-thumbnail","hentry","category-noticias"],"_links":{"self":[{"href":"https:\/\/oasisfm935.com.ar\/site\/wp-json\/wp\/v2\/posts\/5095","targetHints":{"allow":["GET"]}}],"collection":[{"href":"https:\/\/oasisfm935.com.ar\/site\/wp-json\/wp\/v2\/posts"}],"about":[{"href":"https:\/\/oasisfm935.com.ar\/site\/wp-json\/wp\/v2\/types\/post"}],"author":[{"embeddable":true,"href":"https:\/\/oasisfm935.com.ar\/site\/wp-json\/wp\/v2\/users\/4"}],"replies":[{"embeddable":true,"href":"https:\/\/oasisfm935.com.ar\/site\/wp-json\/wp\/v2\/comments?post=5095"}],"version-history":[{"count":1,"href":"https:\/\/oasisfm935.com.ar\/site\/wp-json\/wp\/v2\/posts\/5095\/revisions"}],"predecessor-version":[{"id":5100,"href":"https:\/\/oasisfm935.com.ar\/site\/wp-json\/wp\/v2\/posts\/5095\/revisions\/5100"}],"wp:featuredmedia":[{"embeddable":true,"href":"https:\/\/oasisfm935.com.ar\/site\/wp-json\/wp\/v2\/media\/5099"}],"wp:attachment":[{"href":"https:\/\/oasisfm935.com.ar\/site\/wp-json\/wp\/v2\/media?parent=5095"}],"wp:term":[{"taxonomy":"category","embeddable":true,"href":"https:\/\/oasisfm935.com.ar\/site\/wp-json\/wp\/v2\/categories?post=5095"},{"taxonomy":"post_tag","embeddable":true,"href":"https:\/\/oasisfm935.com.ar\/site\/wp-json\/wp\/v2\/tags?post=5095"}],"curies":[{"name":"wp","href":"https:\/\/api.w.org\/{rel}","templated":true}]}}