{"id":5107,"date":"2020-06-14T12:21:12","date_gmt":"2020-06-14T15:21:12","guid":{"rendered":"http:\/\/oasisfm935.com\/site\/?p=5107"},"modified":"2020-06-14T12:21:12","modified_gmt":"2020-06-14T15:21:12","slug":"ingeniero-luiggi-14-de-junio-conmemoracion-del-fin-de-la-guerra-de-malvinas","status":"publish","type":"post","link":"https:\/\/oasisfm935.com.ar\/site\/ingeniero-luiggi-14-de-junio-conmemoracion-del-fin-de-la-guerra-de-malvinas\/","title":{"rendered":"Ingeniero Luiggi: 14 de Junio conmemoraci\u00f3n del fin de la Guerra de Malvinas."},"content":{"rendered":"<p>La Intendenta Patricia Lavin, representantes del Concejo Deliberante y la Asociaci\u00f3n de Veteranos de Guerra Pampeanos por Malvinas no conocidos se llevo a cabo el izamiento de Pabell\u00f3n Nacional.<\/p>\n<p><img decoding=\"async\" src=\"https:\/\/scontent.frsa4-1.fna.fbcdn.net\/v\/t1.0-9\/103592450_3113072232109588_989118178208359880_o.jpg?_nc_cat=104&amp;_nc_sid=8024bb&amp;_nc_eui2=AeHG7ezjPrS5K5b4nvqejlyHfAumRoEh2158C6ZGgSHbXhKK59aPynNqwRHm4ZUu8zF6B0k5Qql2hGyXJ75kI1tV&amp;_nc_oc=AQmntCv6nTl-w0Ib8dvuWhfpv2mvVOVC6LQ4M_4k4XyUY0V2g9YIMloGeFdmmIEyzrE&amp;_nc_ht=scontent.frsa4-1.fna&amp;oh=19075b9a39b6ee9a98c55217e383035b&amp;oe=5F0CACAA\" alt=\"La imagen puede contener: una o varias personas, \u00e1rbol, calzado, cielo y exterior\" \/><\/p>\n<p>&nbsp;<\/p>\n<p><img decoding=\"async\" src=\"https:\/\/scontent.frsa4-1.fna.fbcdn.net\/v\/t1.0-9\/103619838_3113072795442865_5194307554745754921_o.jpg?_nc_cat=104&amp;_nc_sid=8024bb&amp;_nc_eui2=AeEZDI42kwHKAcCkTwg5kzRSClC89thvF1gKULz22G8XWJ2N2B8jNP3bJ8JB3BacnH3ZGthqJBsY_nbB8iFxn_88&amp;_nc_oc=AQnSICL-Sr_WK-VB7_mKUhvuZqOcezUCKRs40rlA0ltajoZhCm_KBp6AY02Z7bTlVxo&amp;_nc_ht=scontent.frsa4-1.fna&amp;oh=af4ab959febbb99c34698c4487258b6e&amp;oe=5F0BC21A\" alt=\"La imagen puede contener: cielo, \u00e1rbol, nube y exterior\" \/><\/p>\n<p>Luego se se trasladaron al monumento de Malvinas donde se desarroll\u00f3 el Acto acompa\u00f1ados por la Polic\u00eda y Cuerpo de Bomberos Voluntarios de la localidad.<\/p>\n<p><img decoding=\"async\" src=\"https:\/\/scontent.frsa4-1.fna.fbcdn.net\/v\/t1.0-9\/103582182_3113073178776160_4243944280151047042_o.jpg?_nc_cat=101&amp;_nc_sid=8024bb&amp;_nc_eui2=AeG74rNDVA4ejq3LAkVOza7k4po918Rp-y_imj3XxGn7LwKEEub-Q0HGzoVe3v3cUHl_piIMGrZnRmDccfzpxE0J&amp;_nc_oc=AQk-BWRQig7wIMh85K0rfWthek70u7qVIexdpsBoJ24cRFNm9vf9BHTO2E_I8l2kOO4&amp;_nc_ht=scontent.frsa4-1.fna&amp;oh=a54210fe5d28dc151bc97e629e37d9e0&amp;oe=5F0AC503\" alt=\"La imagen puede contener: \u00e1rbol, cielo, cancha de b\u00e1squet, calzado y exterior\" \/><\/p>\n<p>&nbsp;<\/p>\n<div id=\"fb-root\"><\/div>\n<p><script async=\"1\" defer=\"1\" crossorigin=\"anonymous\" src=\"https:\/\/connect.facebook.net\/es_LA\/sdk.js#xfbml=1&amp;version=v7.0\" nonce=\"xZcUpYIq\"><\/script><\/p>\n<div class=\"fb-video\" data-href=\"https:\/\/www.facebook.com\/gobiernodeluiggi\/videos\/2636506646638664\/?t=19\" data-width=\"800\">\n<blockquote cite=\"https:\/\/www.facebook.com\/gobiernodeluiggi\/videos\/2636506646638664\/\" class=\"fb-xfbml-parse-ignore\"><p><a href=\"https:\/\/www.facebook.com\/gobiernodeluiggi\/videos\/2636506646638664\/\"><\/a><\/p>\n<p>14 de Junio Conmemoraci\u00f3n Fin de la Guerra de MalvinasHace unos minutos se llev\u00f3 a cabo el izamiento del Pabell\u00f3n Nacional con la presencia la Intendenta, Representantes del Concejo Deliberante y la Asociaci\u00f3n de Veteranos de Guerra Pampeanos por Malvinas no reconocidos.Posteriormente, se trasladaron al monumento de Malvinas donde se desarroll\u00f3 el Acto acompa\u00f1ados por la Polic\u00eda  y Cuerpo de Bomberos Voluntarios de la localidad.#Luiggi #Acto #Protocolo #Malvinas #Conmemoraci\u00f3n<\/p>\n<p>Publicado por <a href=\"https:\/\/www.facebook.com\/gobiernodeluiggi\/\">Gobierno de Ingeniero Luiggi<\/a> en Domingo, 14 de junio de 2020<\/p><\/blockquote>\n<\/div>\n<div class=\"oasis-despues-del-contenido\" id=\"oasis-3030441978\"><img loading=\"lazy\" decoding=\"async\" src=\"https:\/\/oasisfm935.com.ar\/site\/wp-content\/uploads\/2020\/08\/47806202-8741-49f2-a5c9-d2f930e5baa1.jpg\" alt=\"\"  srcset=\"https:\/\/oasisfm935.com.ar\/site\/wp-content\/uploads\/2020\/08\/47806202-8741-49f2-a5c9-d2f930e5baa1.jpg 1080w, https:\/\/oasisfm935.com.ar\/site\/wp-content\/uploads\/2020\/08\/47806202-8741-49f2-a5c9-d2f930e5baa1-300x300.jpg 300w, https:\/\/oasisfm935.com.ar\/site\/wp-content\/uploads\/2020\/08\/47806202-8741-49f2-a5c9-d2f930e5baa1-1024x1024.jpg 1024w, https:\/\/oasisfm935.com.ar\/site\/wp-content\/uploads\/2020\/08\/47806202-8741-49f2-a5c9-d2f930e5baa1-150x150.jpg 150w, https:\/\/oasisfm935.com.ar\/site\/wp-content\/uploads\/2020\/08\/47806202-8741-49f2-a5c9-d2f930e5baa1-768x768.jpg 768w\" sizes=\"(max-width: 1080px) 100vw, 1080px\" class=\"no-lazyload\" width=\"1080\" height=\"1080\"  style=\"display: inline-block;\" \/><\/div>","protected":false},"excerpt":{"rendered":"<p>La Intendenta Patricia Lavin, representantes del Concejo Deliberante y la Asociaci\u00f3n de Veteranos de Guerra Pampeanos por Malvinas no conocidos se llevo<\/p>\n","protected":false},"author":4,"featured_media":5109,"comment_status":"closed","ping_status":"open","sticky":false,"template":"","format":"standard","meta":{"colormag_page_layout":"default_layout","footnotes":""},"categories":[2],"tags":[],"class_list":["post-5107","post","type-post","status-publish","format-standard","has-post-thumbnail","hentry","category-noticias"],"_links":{"self":[{"href":"https:\/\/oasisfm935.com.ar\/site\/wp-json\/wp\/v2\/posts\/5107","targetHints":{"allow":["GET"]}}],"collection":[{"href":"https:\/\/oasisfm935.com.ar\/site\/wp-json\/wp\/v2\/posts"}],"about":[{"href":"https:\/\/oasisfm935.com.ar\/site\/wp-json\/wp\/v2\/types\/post"}],"author":[{"embeddable":true,"href":"https:\/\/oasisfm935.com.ar\/site\/wp-json\/wp\/v2\/users\/4"}],"replies":[{"embeddable":true,"href":"https:\/\/oasisfm935.com.ar\/site\/wp-json\/wp\/v2\/comments?post=5107"}],"version-history":[{"count":1,"href":"https:\/\/oasisfm935.com.ar\/site\/wp-json\/wp\/v2\/posts\/5107\/revisions"}],"predecessor-version":[{"id":5110,"href":"https:\/\/oasisfm935.com.ar\/site\/wp-json\/wp\/v2\/posts\/5107\/revisions\/5110"}],"wp:featuredmedia":[{"embeddable":true,"href":"https:\/\/oasisfm935.com.ar\/site\/wp-json\/wp\/v2\/media\/5109"}],"wp:attachment":[{"href":"https:\/\/oasisfm935.com.ar\/site\/wp-json\/wp\/v2\/media?parent=5107"}],"wp:term":[{"taxonomy":"category","embeddable":true,"href":"https:\/\/oasisfm935.com.ar\/site\/wp-json\/wp\/v2\/categories?post=5107"},{"taxonomy":"post_tag","embeddable":true,"href":"https:\/\/oasisfm935.com.ar\/site\/wp-json\/wp\/v2\/tags?post=5107"}],"curies":[{"name":"wp","href":"https:\/\/api.w.org\/{rel}","templated":true}]}}