{"id":5111,"date":"2020-06-14T12:40:13","date_gmt":"2020-06-14T15:40:13","guid":{"rendered":"http:\/\/oasisfm935.com\/site\/?p=5111"},"modified":"2020-06-14T12:40:13","modified_gmt":"2020-06-14T15:40:13","slug":"vicentin-el-presidente-de-unilpa-fue-estafado-y-esta-dolido-pero-rechaza-la-expropiacion","status":"publish","type":"post","link":"https:\/\/oasisfm935.com.ar\/site\/vicentin-el-presidente-de-unilpa-fue-estafado-y-esta-dolido-pero-rechaza-la-expropiacion\/","title":{"rendered":"Vicentin: el presidente de Unilpa fue estafado y est\u00e1 \u00abdolido\u00bb, pero rechaza la expropiaci\u00f3n"},"content":{"rendered":"<p>El presidente de la Uni\u00f3n Industrial de La Pampa (Unilpa) y director de la empresa\u00a0<strong>El Campo S.A<\/strong>\u00a0de Ingeniero Luiggi,\u00a0<strong>Rub\u00e9n Gorordo<\/strong>, es uno m\u00e1s del\u00a0<strong>tendal de acopiadores<\/strong>\u00a0a los que la agroexportadora\u00a0<strong>Vicentin<\/strong>\u00a0les tom\u00f3 el cereal y no les pag\u00f3.\u00a0<strong>\u00abEstoy dolido\u00bb<\/strong>, confes\u00f3, pero dijo que no quiere la expropiaci\u00f3n por parte del Gobierno.\u00a0<strong>\u00abLa intervenci\u00f3n s\u00ed, porque la empresa necesita la parte p\u00fablica para tener un control\u00bb<\/strong>, dijo.<\/p>\n<p>Gorordo integra El Campo S.A que fue estafado en<strong>\u00a023 millones de pesos<\/strong>\u00a0en granos que le vendi\u00f3 a Vicentin.\u00a0<strong>\u00abHemos sido afectados por un par de contratos de soja del a\u00f1o pasado. La empresa ven\u00eda operando normalmente, nosotros somos clientes de hace muchos a\u00f1os y oper\u00e1bamos bien hasta esa fecha (cesaci\u00f3n de pagos). Es un cereal que uno lleva a dep\u00f3sito o a fijar y confiamos en esa empresa para vender a futuro\u00bb<\/strong>, explic\u00f3 en\u00a0<strong>Radio Textual (FM Sonar 97.9).<\/strong><\/p>\n<p>El empresario precis\u00f3 c\u00f3mo operaba Vicentin.\u00a0<strong>\u00abUn\u00a0productor agropecuario iba a la empresa y dec\u00eda que estaba cosechando soja pero no la quer\u00eda vender ahora. La empresa ofrec\u00eda tenerla hasta fin de a\u00f1o y la liquidaba cuando quisiera el productor. Entonces ese\u00a0 productor ten\u00eda d\u00f3lares de exportaci\u00f3n\u00bb.<\/strong><\/p>\n<p>Admiti\u00f3 que qued\u00f3 \u00abdolido\u00bb por la estafa de Vicentin.\u00a0<strong>\u00abEl contrato lo entregamos en noviembre y el 5 de diciembre no pagaron m\u00e1s. Ellos eran sabedores de que no iban a pagar y no dijeron nada. El corretaje tampoco lo sab\u00eda\u00bb<\/strong>, sostuvo.<\/p>\n<p>Explic\u00f3 la maniobra de Vicentin. \u00abCobraban los certificados de exportaci\u00f3n por una ventanilla y por la otra le\u00a0ped\u00edan plata al Banco Naci\u00f3n a una tasa baja\u00bb.<\/p>\n<p><strong>-\u00bfSe presentaron al concurso de acreedores?- se le consult\u00f3 a Gorordo<\/strong><\/p>\n<p>-S\u00ed, primero nos hicieron dos acuerdos para arreglar: en uno pagaban el 30% enseguida y el resto a una sola cuota a 8 a\u00f1os; en el otro era un solo pago, pero el 50% de lo que te deb\u00edan. Al principio est\u00e1bamos todos enojados y lo rechazamos, al mes ya quer\u00edamos un arreglo y a los dos meses ya acept\u00e1bamos el 50%. Pero dijeron que ten\u00edan que tener la mayor\u00eda de los acreedores y ah\u00ed informaron que iban a concurso.<\/p>\n<p><strong>-\u00bfEst\u00e1 de acuerdo con la expropiaci\u00f3n?<\/strong><\/p>\n<p>-Con la intervenci\u00f3n s\u00ed, pero con la expropiaci\u00f3n no. Por ah\u00ed la empresa necesita la parte p\u00fablica para tener un control y ordenarse.<\/p>\n<div class=\"oasis-despues-del-contenido\" id=\"oasis-1317480490\"><img loading=\"lazy\" decoding=\"async\" src=\"https:\/\/oasisfm935.com.ar\/site\/wp-content\/uploads\/2020\/08\/47806202-8741-49f2-a5c9-d2f930e5baa1.jpg\" alt=\"\"  srcset=\"https:\/\/oasisfm935.com.ar\/site\/wp-content\/uploads\/2020\/08\/47806202-8741-49f2-a5c9-d2f930e5baa1.jpg 1080w, https:\/\/oasisfm935.com.ar\/site\/wp-content\/uploads\/2020\/08\/47806202-8741-49f2-a5c9-d2f930e5baa1-300x300.jpg 300w, https:\/\/oasisfm935.com.ar\/site\/wp-content\/uploads\/2020\/08\/47806202-8741-49f2-a5c9-d2f930e5baa1-1024x1024.jpg 1024w, https:\/\/oasisfm935.com.ar\/site\/wp-content\/uploads\/2020\/08\/47806202-8741-49f2-a5c9-d2f930e5baa1-150x150.jpg 150w, https:\/\/oasisfm935.com.ar\/site\/wp-content\/uploads\/2020\/08\/47806202-8741-49f2-a5c9-d2f930e5baa1-768x768.jpg 768w\" sizes=\"(max-width: 1080px) 100vw, 1080px\" class=\"no-lazyload\" width=\"1080\" height=\"1080\"  style=\"display: inline-block;\" \/><\/div>","protected":false},"excerpt":{"rendered":"<p>El presidente de la Uni\u00f3n Industrial de La Pampa (Unilpa) y director de la empresa\u00a0El Campo S.A\u00a0de Ingeniero Luiggi,\u00a0Rub\u00e9n Gorordo, es uno<\/p>\n","protected":false},"author":4,"featured_media":5112,"comment_status":"closed","ping_status":"open","sticky":false,"template":"","format":"standard","meta":{"colormag_page_layout":"default_layout","footnotes":""},"categories":[2],"tags":[],"class_list":["post-5111","post","type-post","status-publish","format-standard","has-post-thumbnail","hentry","category-noticias"],"_links":{"self":[{"href":"https:\/\/oasisfm935.com.ar\/site\/wp-json\/wp\/v2\/posts\/5111","targetHints":{"allow":["GET"]}}],"collection":[{"href":"https:\/\/oasisfm935.com.ar\/site\/wp-json\/wp\/v2\/posts"}],"about":[{"href":"https:\/\/oasisfm935.com.ar\/site\/wp-json\/wp\/v2\/types\/post"}],"author":[{"embeddable":true,"href":"https:\/\/oasisfm935.com.ar\/site\/wp-json\/wp\/v2\/users\/4"}],"replies":[{"embeddable":true,"href":"https:\/\/oasisfm935.com.ar\/site\/wp-json\/wp\/v2\/comments?post=5111"}],"version-history":[{"count":1,"href":"https:\/\/oasisfm935.com.ar\/site\/wp-json\/wp\/v2\/posts\/5111\/revisions"}],"predecessor-version":[{"id":5113,"href":"https:\/\/oasisfm935.com.ar\/site\/wp-json\/wp\/v2\/posts\/5111\/revisions\/5113"}],"wp:featuredmedia":[{"embeddable":true,"href":"https:\/\/oasisfm935.com.ar\/site\/wp-json\/wp\/v2\/media\/5112"}],"wp:attachment":[{"href":"https:\/\/oasisfm935.com.ar\/site\/wp-json\/wp\/v2\/media?parent=5111"}],"wp:term":[{"taxonomy":"category","embeddable":true,"href":"https:\/\/oasisfm935.com.ar\/site\/wp-json\/wp\/v2\/categories?post=5111"},{"taxonomy":"post_tag","embeddable":true,"href":"https:\/\/oasisfm935.com.ar\/site\/wp-json\/wp\/v2\/tags?post=5111"}],"curies":[{"name":"wp","href":"https:\/\/api.w.org\/{rel}","templated":true}]}}