{"id":5114,"date":"2020-06-14T13:17:53","date_gmt":"2020-06-14T16:17:53","guid":{"rendered":"http:\/\/oasisfm935.com\/site\/?p=5114"},"modified":"2020-06-14T13:17:53","modified_gmt":"2020-06-14T16:17:53","slug":"locura-en-caleufu-manejaba-borracho-choco-abandono-a-su-hijo-en-el-lugar-huyo-se-resistio-y-termino-demorado","status":"publish","type":"post","link":"https:\/\/oasisfm935.com.ar\/site\/locura-en-caleufu-manejaba-borracho-choco-abandono-a-su-hijo-en-el-lugar-huyo-se-resistio-y-termino-demorado\/","title":{"rendered":"LOCURA EN CALEUF\u00da: Manejaba borracho, choc\u00f3, abandon\u00f3 a su hijo en el lugar, huy\u00f3, se resisti\u00f3 y termin\u00f3 demorado"},"content":{"rendered":"<p>La localidad de Caleuf\u00fa, ayer por la tarde vivi\u00f3 momentos de mucha tensi\u00f3n y conmoci\u00f3n tras este episodio. Aproximadamente a las 15:00 hs, del S\u00e1bado, un vecino colision\u00f3 con su camioneta contra una columna alumbrado p\u00fablico y a partir de ese primer hecho, hubo un suceso de episodios violentos.<\/p>\n<p>El conductor, quien estaba alcoholizado y\u00a0viajaba con\u00a0su hijo, luego de chocar contra la columna, el sujeto abandon\u00f3 a su hijo en el lugar del accidente y huy\u00f3 en su camioneta.<\/p>\n<p>Tras esto, el personal policial de la localidad comenz\u00f3 una intensa b\u00fasqueda para dar con esta persona y responda ante sus actos.<\/p>\n<p>La polic\u00eda lo encuentra, lo trataron de detener,\u00a0hizo caso omiso\u00a0 y finalmente fue demorado. El rodado qued\u00f3 secuestrado.<\/p>\n<p>Fuente: Boca de todos.<\/p>\n<div class=\"oasis-despues-del-contenido\" id=\"oasis-449671640\"><img loading=\"lazy\" decoding=\"async\" src=\"https:\/\/oasisfm935.com.ar\/site\/wp-content\/uploads\/2020\/08\/47806202-8741-49f2-a5c9-d2f930e5baa1.jpg\" alt=\"\"  srcset=\"https:\/\/oasisfm935.com.ar\/site\/wp-content\/uploads\/2020\/08\/47806202-8741-49f2-a5c9-d2f930e5baa1.jpg 1080w, https:\/\/oasisfm935.com.ar\/site\/wp-content\/uploads\/2020\/08\/47806202-8741-49f2-a5c9-d2f930e5baa1-300x300.jpg 300w, https:\/\/oasisfm935.com.ar\/site\/wp-content\/uploads\/2020\/08\/47806202-8741-49f2-a5c9-d2f930e5baa1-1024x1024.jpg 1024w, https:\/\/oasisfm935.com.ar\/site\/wp-content\/uploads\/2020\/08\/47806202-8741-49f2-a5c9-d2f930e5baa1-150x150.jpg 150w, https:\/\/oasisfm935.com.ar\/site\/wp-content\/uploads\/2020\/08\/47806202-8741-49f2-a5c9-d2f930e5baa1-768x768.jpg 768w\" sizes=\"(max-width: 1080px) 100vw, 1080px\" class=\"no-lazyload\" width=\"1080\" height=\"1080\"  style=\"display: inline-block;\" \/><\/div>","protected":false},"excerpt":{"rendered":"<p>La localidad de Caleuf\u00fa, ayer por la tarde vivi\u00f3 momentos de mucha tensi\u00f3n y conmoci\u00f3n tras este episodio. Aproximadamente a las 15:00<\/p>\n","protected":false},"author":4,"featured_media":5115,"comment_status":"closed","ping_status":"open","sticky":false,"template":"","format":"standard","meta":{"colormag_page_layout":"default_layout","footnotes":""},"categories":[2],"tags":[],"class_list":["post-5114","post","type-post","status-publish","format-standard","has-post-thumbnail","hentry","category-noticias"],"_links":{"self":[{"href":"https:\/\/oasisfm935.com.ar\/site\/wp-json\/wp\/v2\/posts\/5114","targetHints":{"allow":["GET"]}}],"collection":[{"href":"https:\/\/oasisfm935.com.ar\/site\/wp-json\/wp\/v2\/posts"}],"about":[{"href":"https:\/\/oasisfm935.com.ar\/site\/wp-json\/wp\/v2\/types\/post"}],"author":[{"embeddable":true,"href":"https:\/\/oasisfm935.com.ar\/site\/wp-json\/wp\/v2\/users\/4"}],"replies":[{"embeddable":true,"href":"https:\/\/oasisfm935.com.ar\/site\/wp-json\/wp\/v2\/comments?post=5114"}],"version-history":[{"count":1,"href":"https:\/\/oasisfm935.com.ar\/site\/wp-json\/wp\/v2\/posts\/5114\/revisions"}],"predecessor-version":[{"id":5116,"href":"https:\/\/oasisfm935.com.ar\/site\/wp-json\/wp\/v2\/posts\/5114\/revisions\/5116"}],"wp:featuredmedia":[{"embeddable":true,"href":"https:\/\/oasisfm935.com.ar\/site\/wp-json\/wp\/v2\/media\/5115"}],"wp:attachment":[{"href":"https:\/\/oasisfm935.com.ar\/site\/wp-json\/wp\/v2\/media?parent=5114"}],"wp:term":[{"taxonomy":"category","embeddable":true,"href":"https:\/\/oasisfm935.com.ar\/site\/wp-json\/wp\/v2\/categories?post=5114"},{"taxonomy":"post_tag","embeddable":true,"href":"https:\/\/oasisfm935.com.ar\/site\/wp-json\/wp\/v2\/tags?post=5114"}],"curies":[{"name":"wp","href":"https:\/\/api.w.org\/{rel}","templated":true}]}}